{"id":932,"date":"2014-06-17T20:39:50","date_gmt":"2014-06-17T18:39:50","guid":{"rendered":"http:\/\/www.emadam.de\/blog\/?p=932"},"modified":"2014-06-17T20:39:50","modified_gmt":"2014-06-17T18:39:50","slug":"wochenmuster-2","status":"publish","type":"post","link":"https:\/\/www.emadam.de\/blog\/de\/2014\/06\/17\/wochenmuster-2\/","title":{"rendered":"Wochenmuster"},"content":{"rendered":"<p><a href=\"https:\/\/www.emadam.de\/blog\/wp-content\/uploads\/2014\/06\/wochenmuster3.jpg\"><img loading=\"lazy\" decoding=\"async\" class=\"aligncenter size-large wp-image-933\" alt=\"wochenmuster3\" src=\"https:\/\/www.emadam.de\/blog\/wp-content\/uploads\/2014\/06\/wochenmuster3-680x656.jpg\" width=\"680\" height=\"656\" srcset=\"https:\/\/www.emadam.de\/blog\/wp-content\/uploads\/2014\/06\/wochenmuster3-680x656.jpg 680w, https:\/\/www.emadam.de\/blog\/wp-content\/uploads\/2014\/06\/wochenmuster3-340x328.jpg 340w, https:\/\/www.emadam.de\/blog\/wp-content\/uploads\/2014\/06\/wochenmuster3-624x602.jpg 624w\" sizes=\"auto, (max-width: 680px) 100vw, 680px\" \/><\/a>Wie bereits angek\u00fcndigt ist das Thema des Juni musterns die Geometrie. Ein tolles Thema das <a href=\"http:\/\/muellerinart.blogspot.de\/2014\/06\/gefraige-kreisfische-muster-mittwoch-85.html\" target=\"_blank\">Frau M\u00fcller<\/a> uns da ausgesucht hat. Mein Drucker hat leider letzte Woche gestreikt. Deswegen zeige ich diesmal gleich zwei Muster.<\/p>\n<p>Das erste Muster gibt es in zwei Varianten. Dreiecke in verschieden starken Outlines. Komplett Schwarz\/Wei\u00df gehalten. Die zweite Variante durchbricht das Schwarz\/Wei\u00df mit zwei kleinen Grau ausgef\u00fcllten Dreiecken.<\/p>\n<p>Beim zweiten Muster habe ich mir ein paar mehr geometrische Formen auf die Arbeitsfl\u00e4che geholt. Rechtecke, Kreise, Quadrate und Sechsecke. In verschiedenen Gr\u00f6\u00dfen, Farben und Drehungen. Farblich bin ich im Grau-Gr\u00fcn-Blauen Bereich geblieben. Auch wenn die Fotos aussehen als w\u00e4re es Flieder und Rosa.<\/p>\n<p>Beide Muster habe ich mir auf DIN A4 80g\/m\u00b2 ausgedruckt und kleine T\u00fctchen daraus gezaubert. Man kann schlie\u00dflich niemals genug von kleinen T\u00fctchen haben.<\/p>\n<p>&nbsp;<\/p>\n<p>Liebe Gr\u00fc\u00dfe,<\/p>\n<p>-Ema-<\/p>\n","protected":false},"excerpt":{"rendered":"<p>Wie bereits angek\u00fcndigt ist das Thema des Juni musterns die Geometrie. Ein tolles Thema das Frau M\u00fcller uns da ausgesucht hat. Mein Drucker hat leider letzte Woche gestreikt. Deswegen zeige ich diesmal gleich zwei Muster. Das erste Muster gibt es in zwei Varianten. Dreiecke in verschieden starken Outlines. Komplett Schwarz\/Wei\u00df gehalten. Die zweite Variante durchbricht [&hellip;]<\/p>\n","protected":false},"author":2,"featured_media":0,"comment_status":"open","ping_status":"open","sticky":false,"template":"","format":"standard","meta":{"footnotes":""},"categories":[8,120,116,24],"tags":[],"class_list":["post-932","post","type-post","status-publish","format-standard","hentry","category-diy","category-grafik-design","category-illustrationen","category-verpackungsdesign"],"_links":{"self":[{"href":"https:\/\/www.emadam.de\/blog\/wp-json\/wp\/v2\/posts\/932","targetHints":{"allow":["GET"]}}],"collection":[{"href":"https:\/\/www.emadam.de\/blog\/wp-json\/wp\/v2\/posts"}],"about":[{"href":"https:\/\/www.emadam.de\/blog\/wp-json\/wp\/v2\/types\/post"}],"author":[{"embeddable":true,"href":"https:\/\/www.emadam.de\/blog\/wp-json\/wp\/v2\/users\/2"}],"replies":[{"embeddable":true,"href":"https:\/\/www.emadam.de\/blog\/wp-json\/wp\/v2\/comments?post=932"}],"version-history":[{"count":1,"href":"https:\/\/www.emadam.de\/blog\/wp-json\/wp\/v2\/posts\/932\/revisions"}],"predecessor-version":[{"id":934,"href":"https:\/\/www.emadam.de\/blog\/wp-json\/wp\/v2\/posts\/932\/revisions\/934"}],"wp:attachment":[{"href":"https:\/\/www.emadam.de\/blog\/wp-json\/wp\/v2\/media?parent=932"}],"wp:term":[{"taxonomy":"category","embeddable":true,"href":"https:\/\/www.emadam.de\/blog\/wp-json\/wp\/v2\/categories?post=932"},{"taxonomy":"post_tag","embeddable":true,"href":"https:\/\/www.emadam.de\/blog\/wp-json\/wp\/v2\/tags?post=932"}],"curies":[{"name":"wp","href":"https:\/\/api.w.org\/{rel}","templated":true}]}}