{"id":813,"date":"2014-05-22T21:37:43","date_gmt":"2014-05-22T19:37:43","guid":{"rendered":"http:\/\/www.emadam.de\/blog\/?p=813"},"modified":"2014-05-22T21:37:43","modified_gmt":"2014-05-22T19:37:43","slug":"wochenmuster-teil-2","status":"publish","type":"post","link":"https:\/\/www.emadam.de\/blog\/de\/2014\/05\/22\/wochenmuster-teil-2\/","title":{"rendered":"Wochenmuster Teil 2"},"content":{"rendered":"<p><a href=\"https:\/\/www.emadam.de\/blog\/wp-content\/uploads\/2014\/05\/wochenmuster1-teil2.jpg\"><img loading=\"lazy\" decoding=\"async\" class=\"aligncenter size-large wp-image-811\" alt=\"wochenmuster1 teil2\" src=\"https:\/\/www.emadam.de\/blog\/wp-content\/uploads\/2014\/05\/wochenmuster1-teil2-680x537.jpg\" width=\"680\" height=\"537\" srcset=\"https:\/\/www.emadam.de\/blog\/wp-content\/uploads\/2014\/05\/wochenmuster1-teil2-680x537.jpg 680w, https:\/\/www.emadam.de\/blog\/wp-content\/uploads\/2014\/05\/wochenmuster1-teil2-340x268.jpg 340w, https:\/\/www.emadam.de\/blog\/wp-content\/uploads\/2014\/05\/wochenmuster1-teil2-624x493.jpg 624w\" sizes=\"auto, (max-width: 680px) 100vw, 680px\" \/><\/a>Das k\u00fcrzlich erstellte Kringelpfl\u00e4nzchen-Muster habe ich mir nun auch als Geschenkpapier ausgedruckt. Ich bin beim klassischen Schwarz\/Wei\u00df geblieben. Und weil bald ein Geburstag ansteht, konnte ich ein kleines Geschenk auch direkt damit einpacken. Das Kringelpfl\u00e4nzchen stammt urspr\u00fcnglich von einem <a href=\"http:\/\/de.dawanda.com\/product\/48276262-Stempel---Kringelpflaenzchen\" target=\"_blank\">Stempel<\/a> den ich entworfen habe. Daher habe ich mit dem Stempel das Muster noch von Hand gedruckt. Auf dem braunen Strukturkarton wirkt es wundersch\u00f6n. Als Muster und auch als einzelner Abdruck. Den Karton mit dem einzelnen Kringelpfl\u00e4nzchen habe ich zu einem Notizbuch weiterverarbeitet, das ein fliegendes Vorsatzpapier hat. Dies ist mit dem digitalen Muster bedruckt. Eine s\u00fc\u00dfe \u00dcberraschung, wenn man das Notizbuch zum ersten Mal aufklappt und das Vorsatzpapier sieht. Den zweiten Karton werde ich auch noch zu einem Notizbuch verarbeiten. K\u00f6nnte mir aber auch gut vorstellen das Design als Gru\u00dfkarte zu verwenden.<\/p>\n<p>Liebe Gr\u00fc\u00dfe,<\/p>\n<p>-ema-<\/p>\n<p>&nbsp;<\/p>\n","protected":false},"excerpt":{"rendered":"<p>Das k\u00fcrzlich erstellte Kringelpfl\u00e4nzchen-Muster habe ich mir nun auch als Geschenkpapier ausgedruckt. Ich bin beim klassischen Schwarz\/Wei\u00df geblieben. Und weil bald ein Geburstag ansteht, konnte ich ein kleines Geschenk auch direkt damit einpacken. Das Kringelpfl\u00e4nzchen stammt urspr\u00fcnglich von einem Stempel den ich entworfen habe. Daher habe ich mit dem Stempel das Muster noch von Hand [&hellip;]<\/p>\n","protected":false},"author":2,"featured_media":0,"comment_status":"open","ping_status":"open","sticky":false,"template":"","format":"standard","meta":{"footnotes":""},"categories":[3,120,28,2,24],"tags":[],"class_list":["post-813","post","type-post","status-publish","format-standard","hentry","category-buchbinden","category-grafik-design","category-papierprodukte","category-stempel","category-verpackungsdesign"],"_links":{"self":[{"href":"https:\/\/www.emadam.de\/blog\/wp-json\/wp\/v2\/posts\/813","targetHints":{"allow":["GET"]}}],"collection":[{"href":"https:\/\/www.emadam.de\/blog\/wp-json\/wp\/v2\/posts"}],"about":[{"href":"https:\/\/www.emadam.de\/blog\/wp-json\/wp\/v2\/types\/post"}],"author":[{"embeddable":true,"href":"https:\/\/www.emadam.de\/blog\/wp-json\/wp\/v2\/users\/2"}],"replies":[{"embeddable":true,"href":"https:\/\/www.emadam.de\/blog\/wp-json\/wp\/v2\/comments?post=813"}],"version-history":[{"count":1,"href":"https:\/\/www.emadam.de\/blog\/wp-json\/wp\/v2\/posts\/813\/revisions"}],"predecessor-version":[{"id":814,"href":"https:\/\/www.emadam.de\/blog\/wp-json\/wp\/v2\/posts\/813\/revisions\/814"}],"wp:attachment":[{"href":"https:\/\/www.emadam.de\/blog\/wp-json\/wp\/v2\/media?parent=813"}],"wp:term":[{"taxonomy":"category","embeddable":true,"href":"https:\/\/www.emadam.de\/blog\/wp-json\/wp\/v2\/categories?post=813"},{"taxonomy":"post_tag","embeddable":true,"href":"https:\/\/www.emadam.de\/blog\/wp-json\/wp\/v2\/tags?post=813"}],"curies":[{"name":"wp","href":"https:\/\/api.w.org\/{rel}","templated":true}]}}