{"id":798,"date":"2014-05-21T20:51:21","date_gmt":"2014-05-21T18:51:21","guid":{"rendered":"http:\/\/www.emadam.de\/blog\/?p=798"},"modified":"2014-05-21T20:51:21","modified_gmt":"2014-05-21T18:51:21","slug":"notizen-gibt-es-nie-genug","status":"publish","type":"post","link":"https:\/\/www.emadam.de\/blog\/de\/2014\/05\/21\/notizen-gibt-es-nie-genug\/","title":{"rendered":"Notizen gibt es nie genug &#8230;"},"content":{"rendered":"<p><a href=\"https:\/\/www.emadam.de\/blog\/wp-content\/uploads\/2014\/05\/notepads1.jpg\"><img loading=\"lazy\" decoding=\"async\" class=\"aligncenter size-large wp-image-799\" alt=\"notepads1\" src=\"https:\/\/www.emadam.de\/blog\/wp-content\/uploads\/2014\/05\/notepads1-680x506.jpg\" width=\"680\" height=\"506\" srcset=\"https:\/\/www.emadam.de\/blog\/wp-content\/uploads\/2014\/05\/notepads1-680x506.jpg 680w, https:\/\/www.emadam.de\/blog\/wp-content\/uploads\/2014\/05\/notepads1-340x253.jpg 340w, https:\/\/www.emadam.de\/blog\/wp-content\/uploads\/2014\/05\/notepads1-624x464.jpg 624w\" sizes=\"auto, (max-width: 680px) 100vw, 680px\" \/><\/a>Und deswegen gibt es nun nach und nach einige neue Notizbl\u00f6ckchen in meinem <a href=\"http:\/\/de.dawanda.com\/shop\/Emadam\" target=\"_blank\">DaWanda<\/a>&#8211; und <a href=\"https:\/\/www.etsy.com\/de\/shop\/emapaperlove\" target=\"_blank\">Etsy<\/a>-Shop. Mir gef\u00e4llt gerade sehr das DIN Lang Format. Es bietet neben gr\u00f6\u00dferen Illustrationen noch gen\u00fcgend Platz f\u00fcr eigene Notizen. Es ist elegant und mal was anderes als das g\u00e4ngige DIN A6 Format. Die Illustrationen k\u00f6nnten euch schon bekannt vorkommen. Es gibt sie auch als <a href=\"http:\/\/de.dawanda.com\/shop\/Emadam\/1908310-stempel\" target=\"_blank\">Stempel<\/a> in meinen Shops. <a href=\"https:\/\/www.emadam.de\/blog\/wp-content\/uploads\/2014\/05\/SNC10794a.jpg\"><img loading=\"lazy\" decoding=\"async\" class=\"aligncenter size-large wp-image-800\" alt=\"SAMSUNG DIGITAL CAMERA\" src=\"https:\/\/www.emadam.de\/blog\/wp-content\/uploads\/2014\/05\/SNC10794a-680x510.jpg\" width=\"680\" height=\"510\" srcset=\"https:\/\/www.emadam.de\/blog\/wp-content\/uploads\/2014\/05\/SNC10794a-680x510.jpg 680w, https:\/\/www.emadam.de\/blog\/wp-content\/uploads\/2014\/05\/SNC10794a-340x255.jpg 340w, https:\/\/www.emadam.de\/blog\/wp-content\/uploads\/2014\/05\/SNC10794a-624x468.jpg 624w\" sizes=\"auto, (max-width: 680px) 100vw, 680px\" \/><\/a>Wenige Notizbl\u00f6cke werden aber auch im DIN A5 bzw. DIN A4 Format erh\u00e4ltlich sein. Und das erste Mal werden auch Notizbl\u00f6cke f\u00fcr bestimmte Zwecke erh\u00e4ltlich sein. Sie haben ein st\u00e4rker am Nutzen orientiertes Layout und ich hoffe sehr das sie euch genauso gefallen werden wie mir.<\/p>\n<p>Ich hoffe au\u00dferdem, dass ich es fertig bringen kann ein Angebot anzufertigen das es euch m\u00f6glich macht euch ein eigenes Notizbl\u00f6ckchenset zusammen zu stellen. Geplant ist, dass zwischen allen erh\u00e4ltlichen DIN Lang Notizbl\u00f6cken gew\u00e4hlt werden kann und ihr dadurch ein nach eurem Geschmack zusammengestelltes Set erhaltet. Daf\u00fcr muss ich aber erst einmal alle Notizbl\u00f6cke fertig ableimen, schneiden und abfotografieren. Ein paar Tage wird es also noch dauern. Aber Vorfreude ist ja bekanntlich die sch\u00f6nste Freude.<\/p>\n<p>&nbsp;<\/p>\n<p>Liebe Gr\u00fc\u00dfe,<\/p>\n<p>-ema-<\/p>\n","protected":false},"excerpt":{"rendered":"<p>Und deswegen gibt es nun nach und nach einige neue Notizbl\u00f6ckchen in meinem DaWanda&#8211; und Etsy-Shop. Mir gef\u00e4llt gerade sehr das DIN Lang Format. Es bietet neben gr\u00f6\u00dferen Illustrationen noch gen\u00fcgend Platz f\u00fcr eigene Notizen. Es ist elegant und mal was anderes als das g\u00e4ngige DIN A6 Format. Die Illustrationen k\u00f6nnten euch schon bekannt vorkommen. [&hellip;]<\/p>\n","protected":false},"author":2,"featured_media":0,"comment_status":"open","ping_status":"open","sticky":false,"template":"","format":"standard","meta":{"footnotes":""},"categories":[3,28],"tags":[],"class_list":["post-798","post","type-post","status-publish","format-standard","hentry","category-buchbinden","category-papierprodukte"],"_links":{"self":[{"href":"https:\/\/www.emadam.de\/blog\/wp-json\/wp\/v2\/posts\/798","targetHints":{"allow":["GET"]}}],"collection":[{"href":"https:\/\/www.emadam.de\/blog\/wp-json\/wp\/v2\/posts"}],"about":[{"href":"https:\/\/www.emadam.de\/blog\/wp-json\/wp\/v2\/types\/post"}],"author":[{"embeddable":true,"href":"https:\/\/www.emadam.de\/blog\/wp-json\/wp\/v2\/users\/2"}],"replies":[{"embeddable":true,"href":"https:\/\/www.emadam.de\/blog\/wp-json\/wp\/v2\/comments?post=798"}],"version-history":[{"count":1,"href":"https:\/\/www.emadam.de\/blog\/wp-json\/wp\/v2\/posts\/798\/revisions"}],"predecessor-version":[{"id":801,"href":"https:\/\/www.emadam.de\/blog\/wp-json\/wp\/v2\/posts\/798\/revisions\/801"}],"wp:attachment":[{"href":"https:\/\/www.emadam.de\/blog\/wp-json\/wp\/v2\/media?parent=798"}],"wp:term":[{"taxonomy":"category","embeddable":true,"href":"https:\/\/www.emadam.de\/blog\/wp-json\/wp\/v2\/categories?post=798"},{"taxonomy":"post_tag","embeddable":true,"href":"https:\/\/www.emadam.de\/blog\/wp-json\/wp\/v2\/tags?post=798"}],"curies":[{"name":"wp","href":"https:\/\/api.w.org\/{rel}","templated":true}]}}