{"id":559,"date":"2014-03-30T22:06:02","date_gmt":"2014-03-30T20:06:02","guid":{"rendered":"http:\/\/www.emadam.de\/blog\/?p=559"},"modified":"2014-03-30T22:06:02","modified_gmt":"2014-03-30T20:06:02","slug":"no-7-of-100-in-a-row","status":"publish","type":"post","link":"https:\/\/www.emadam.de\/blog\/de\/2014\/03\/30\/no-7-of-100-in-a-row\/","title":{"rendered":"No. 7 of 100 in a row"},"content":{"rendered":"<p><a href=\"https:\/\/www.emadam.de\/blog\/wp-content\/uploads\/2014\/03\/SNC10152a.jpg\"><img loading=\"lazy\" decoding=\"async\" class=\"aligncenter size-large wp-image-560\" alt=\"SAMSUNG DIGITAL CAMERA\" src=\"https:\/\/www.emadam.de\/blog\/wp-content\/uploads\/2014\/03\/SNC10152a-680x510.jpg\" width=\"680\" height=\"510\" srcset=\"https:\/\/www.emadam.de\/blog\/wp-content\/uploads\/2014\/03\/SNC10152a-680x510.jpg 680w, https:\/\/www.emadam.de\/blog\/wp-content\/uploads\/2014\/03\/SNC10152a-340x255.jpg 340w, https:\/\/www.emadam.de\/blog\/wp-content\/uploads\/2014\/03\/SNC10152a-624x468.jpg 624w\" sizes=\"auto, (max-width: 680px) 100vw, 680px\" \/><\/a>Heute ist die Zeit wieder einmal so schnell vergangen das es schon Abend war bevor ich dazu kam mein t\u00e4gliches Aquarell zu beginnen. Der Fr\u00fchling l\u00e4sst sich langsam blicken und das zeigt sich wohl auch in dem heutigen Aquarell. Feine Rosa- und frische Gr\u00fcnt\u00f6ne.<a href=\"https:\/\/www.emadam.de\/blog\/wp-content\/uploads\/2014\/03\/SNC10153a.jpg\"><img loading=\"lazy\" decoding=\"async\" class=\"aligncenter size-large wp-image-561\" alt=\"SAMSUNG DIGITAL CAMERA\" src=\"https:\/\/www.emadam.de\/blog\/wp-content\/uploads\/2014\/03\/SNC10153a-680x321.jpg\" width=\"680\" height=\"321\" srcset=\"https:\/\/www.emadam.de\/blog\/wp-content\/uploads\/2014\/03\/SNC10153a-680x321.jpg 680w, https:\/\/www.emadam.de\/blog\/wp-content\/uploads\/2014\/03\/SNC10153a-340x160.jpg 340w, https:\/\/www.emadam.de\/blog\/wp-content\/uploads\/2014\/03\/SNC10153a-624x294.jpg 624w\" sizes=\"auto, (max-width: 680px) 100vw, 680px\" \/><\/a>Und ab heute werden die Tage auch wieder l\u00e4nger. Die warme Jahreszeit beginnt &#8230;<\/p>\n<p>&nbsp;<\/p>\n<p>Liebe Gr\u00fc\u00dfe,<\/p>\n<p>-ema-<\/p>\n","protected":false},"excerpt":{"rendered":"<p>Heute ist die Zeit wieder einmal so schnell vergangen das es schon Abend war bevor ich dazu kam mein t\u00e4gliches Aquarell zu beginnen. Der Fr\u00fchling l\u00e4sst sich langsam blicken und das zeigt sich wohl auch in dem heutigen Aquarell. Feine Rosa- und frische Gr\u00fcnt\u00f6ne.Und ab heute werden die Tage auch wieder l\u00e4nger. Die warme Jahreszeit [&hellip;]<\/p>\n","protected":false},"author":2,"featured_media":0,"comment_status":"open","ping_status":"open","sticky":false,"template":"","format":"standard","meta":{"footnotes":""},"categories":[52],"tags":[],"class_list":["post-559","post","type-post","status-publish","format-standard","hentry","category-kunst"],"_links":{"self":[{"href":"https:\/\/www.emadam.de\/blog\/wp-json\/wp\/v2\/posts\/559","targetHints":{"allow":["GET"]}}],"collection":[{"href":"https:\/\/www.emadam.de\/blog\/wp-json\/wp\/v2\/posts"}],"about":[{"href":"https:\/\/www.emadam.de\/blog\/wp-json\/wp\/v2\/types\/post"}],"author":[{"embeddable":true,"href":"https:\/\/www.emadam.de\/blog\/wp-json\/wp\/v2\/users\/2"}],"replies":[{"embeddable":true,"href":"https:\/\/www.emadam.de\/blog\/wp-json\/wp\/v2\/comments?post=559"}],"version-history":[{"count":1,"href":"https:\/\/www.emadam.de\/blog\/wp-json\/wp\/v2\/posts\/559\/revisions"}],"predecessor-version":[{"id":562,"href":"https:\/\/www.emadam.de\/blog\/wp-json\/wp\/v2\/posts\/559\/revisions\/562"}],"wp:attachment":[{"href":"https:\/\/www.emadam.de\/blog\/wp-json\/wp\/v2\/media?parent=559"}],"wp:term":[{"taxonomy":"category","embeddable":true,"href":"https:\/\/www.emadam.de\/blog\/wp-json\/wp\/v2\/categories?post=559"},{"taxonomy":"post_tag","embeddable":true,"href":"https:\/\/www.emadam.de\/blog\/wp-json\/wp\/v2\/tags?post=559"}],"curies":[{"name":"wp","href":"https:\/\/api.w.org\/{rel}","templated":true}]}}