{"id":456,"date":"2010-07-30T16:51:12","date_gmt":"2010-07-30T14:51:12","guid":{"rendered":"http:\/\/www.emadam.de\/blog\/?p=456"},"modified":"2013-09-03T16:54:21","modified_gmt":"2013-09-03T14:54:21","slug":"rotkaeppchen","status":"publish","type":"post","link":"https:\/\/www.emadam.de\/blog\/de\/2010\/07\/30\/rotkaeppchen\/","title":{"rendered":"Rotk\u00e4ppchen"},"content":{"rendered":"<p><a href=\"https:\/\/www.emadam.de\/blog\/wp-content\/uploads\/2013\/08\/SNC13413.jpg\"><img loading=\"lazy\" decoding=\"async\" class=\"aligncenter size-full wp-image-161\" alt=\"Rotk\u00e4ppchen-Buch\" src=\"https:\/\/www.emadam.de\/blog\/wp-content\/uploads\/2013\/08\/SNC13413.jpg\" width=\"500\" height=\"375\" srcset=\"https:\/\/www.emadam.de\/blog\/wp-content\/uploads\/2013\/08\/SNC13413.jpg 500w, https:\/\/www.emadam.de\/blog\/wp-content\/uploads\/2013\/08\/SNC13413-340x255.jpg 340w\" sizes=\"auto, (max-width: 500px) 100vw, 500px\" \/><\/a>Heute gibt es wieder ein Skizzenbuch, dass haupts\u00e4chlich aus \u00dcberbleibseln besteht. Na ja,<br \/>\ndas eigentliche Thema des Buches war die Farbe Rot, weswegen der Buchblock auch in allen m\u00f6glichen Rott\u00f6nen daherkommt. Zwischendurch gibt es auch ein paar wei\u00dfe Seiten, ganz Rot war mir dann doch etwas zu viel. Und Abwechslung muss ja schlie\u00dflich auch sein! So wurden also alle \u00fcbriggebliebenen, roten Papiere aufgest\u00f6bert und zu Lagen\u00a0 zusammengesammelt. Hier und da ein wei\u00dfes Bl\u00e4ttchen untergemogelt, was auch gar nicht weiter auff\u00e4llt wie ich finde. Das ganze dann geheftet und aus wei\u00dfem, wirklich merkw\u00fcrdigem aber irgendwie tollem Klebeband, sowie einem St\u00fcckchen Wischtuch, das rot gepunktet ist, den Einband gestaltet. Weils zu meiner momentanen Schaffensphase passt, hat auch dies Skizzenbuch somit ein bisschen Grunge-Charakter abbekommen.<\/p>\n<p>Geheftet habe ich \u00fcbrigens mit wei\u00dfem Sternfaden auf 3 rote B\u00e4nder, die kleine wei\u00dfe P\u00fcnktchen haben. Dieses halbierte DIN A4 Format habe ich deswegen gew\u00e4hlt, weil eines meiner letzten Skizzenb\u00fccher ein \u00e4hnliches Format hatte und ich das geliebt habe!<\/p>\n<p>Von meinen roten Papieren sind immer noch eine ganze Menge \u00fcbrig, deswegen wird es demn\u00e4chst noch ein anderes geben, dass ebenfalls rundherum Rot sein wird. Allerdings im Format eher DIN A5. Die Lagen sind schon zusammengesammelt, mir fehlt momentan nur das richtige Material f\u00fcr den Einband.<\/p>\n<p>Viele Gr\u00fc\u00dfe,<\/p>\n<p>-Ema-<\/p>\n<p>&nbsp;<\/p>\n<p>&nbsp;<\/p>\n<p>&nbsp;<\/p>\n<p>&nbsp;<\/p>\n<p>&nbsp;<\/p>\n<p>&nbsp;<\/p>\n","protected":false},"excerpt":{"rendered":"<p>Heute gibt es wieder ein Skizzenbuch, dass haupts\u00e4chlich aus \u00dcberbleibseln besteht. Na ja, das eigentliche Thema des Buches war die Farbe Rot, weswegen der Buchblock auch in allen m\u00f6glichen Rott\u00f6nen daherkommt. Zwischendurch gibt es auch ein paar wei\u00dfe Seiten, ganz Rot war mir dann doch etwas zu viel. Und Abwechslung muss ja schlie\u00dflich auch sein! [&hellip;]<\/p>\n","protected":false},"author":2,"featured_media":0,"comment_status":"open","ping_status":"open","sticky":false,"template":"","format":"standard","meta":{"footnotes":""},"categories":[3],"tags":[],"class_list":["post-456","post","type-post","status-publish","format-standard","hentry","category-buchbinden"],"_links":{"self":[{"href":"https:\/\/www.emadam.de\/blog\/wp-json\/wp\/v2\/posts\/456","targetHints":{"allow":["GET"]}}],"collection":[{"href":"https:\/\/www.emadam.de\/blog\/wp-json\/wp\/v2\/posts"}],"about":[{"href":"https:\/\/www.emadam.de\/blog\/wp-json\/wp\/v2\/types\/post"}],"author":[{"embeddable":true,"href":"https:\/\/www.emadam.de\/blog\/wp-json\/wp\/v2\/users\/2"}],"replies":[{"embeddable":true,"href":"https:\/\/www.emadam.de\/blog\/wp-json\/wp\/v2\/comments?post=456"}],"version-history":[{"count":1,"href":"https:\/\/www.emadam.de\/blog\/wp-json\/wp\/v2\/posts\/456\/revisions"}],"predecessor-version":[{"id":457,"href":"https:\/\/www.emadam.de\/blog\/wp-json\/wp\/v2\/posts\/456\/revisions\/457"}],"wp:attachment":[{"href":"https:\/\/www.emadam.de\/blog\/wp-json\/wp\/v2\/media?parent=456"}],"wp:term":[{"taxonomy":"category","embeddable":true,"href":"https:\/\/www.emadam.de\/blog\/wp-json\/wp\/v2\/categories?post=456"},{"taxonomy":"post_tag","embeddable":true,"href":"https:\/\/www.emadam.de\/blog\/wp-json\/wp\/v2\/tags?post=456"}],"curies":[{"name":"wp","href":"https:\/\/api.w.org\/{rel}","templated":true}]}}