{"id":454,"date":"2010-08-17T16:47:37","date_gmt":"2010-08-17T14:47:37","guid":{"rendered":"http:\/\/www.emadam.de\/blog\/?p=454"},"modified":"2013-09-03T16:50:07","modified_gmt":"2013-09-03T14:50:07","slug":"fruchtfarbe","status":"publish","type":"post","link":"https:\/\/www.emadam.de\/blog\/de\/2010\/08\/17\/fruchtfarbe\/","title":{"rendered":"Fruchtfarbe"},"content":{"rendered":"<p><a href=\"https:\/\/www.emadam.de\/blog\/wp-content\/uploads\/2013\/08\/DSC02020.jpg\"><img loading=\"lazy\" decoding=\"async\" class=\"alignleft size-medium wp-image-280\" alt=\"Fruchtfarbe\" src=\"https:\/\/www.emadam.de\/blog\/wp-content\/uploads\/2013\/08\/DSC02020-246x340.jpg\" width=\"246\" height=\"340\" srcset=\"https:\/\/www.emadam.de\/blog\/wp-content\/uploads\/2013\/08\/DSC02020-246x340.jpg 246w, https:\/\/www.emadam.de\/blog\/wp-content\/uploads\/2013\/08\/DSC02020.jpg 442w\" sizes=\"auto, (max-width: 246px) 100vw, 246px\" \/><\/a><a href=\"https:\/\/www.emadam.de\/blog\/wp-content\/uploads\/2013\/08\/DSC02015.jpg\"><img loading=\"lazy\" decoding=\"async\" class=\"alignleft size-medium wp-image-281\" alt=\"Fruchtfarbe\" src=\"https:\/\/www.emadam.de\/blog\/wp-content\/uploads\/2013\/08\/DSC02015-302x340.jpg\" width=\"302\" height=\"340\" srcset=\"https:\/\/www.emadam.de\/blog\/wp-content\/uploads\/2013\/08\/DSC02015-302x340.jpg 302w, https:\/\/www.emadam.de\/blog\/wp-content\/uploads\/2013\/08\/DSC02015.jpg 500w\" sizes=\"auto, (max-width: 302px) 100vw, 302px\" \/><\/a><\/p>\n<p>&nbsp;<\/p>\n<p>&nbsp;<\/p>\n<p>&nbsp;<\/p>\n<p>&nbsp;<\/p>\n<p>&nbsp;<\/p>\n<p>&nbsp;<\/p>\n<p>&nbsp;<\/p>\n<p>Was mir die Tage so alles in die H\u00e4nde f\u00e4llt &#8230; Frisch rausgekramt und von Staub befreit, eines meiner ersten B\u00fcchlein, die ich selbst gebunden habe.<\/p>\n<p>Zu der Zeit mochte ich kleine Formate, ab A6 abw\u00e4rts, am liebsten. Es ist fadengeheftet, der Buchblock besteht aus normalem Kopierpapier, Vorsatz ist ein helles orangefarbenes Papier. Es hat ungef\u00e4hr die Gr\u00f6\u00dfe von DIN A7. Nach wie vor mag ich den frischen gr\u00fcnen Einband immer noch sehr gerne. Der Titel Fruchtfarbe ist mit Letra-Set-Buchstaben aufgebracht. Entstanden ist er, weil ich bei dem Gr\u00fcn an gr\u00fcne \u00c4pfel denken musste. Na ja, Apfel=Frucht, Gr\u00fcn=Farbe, ergibt: Fruchtfarbe. Und nat\u00fcrlich durfte ein kleines wei\u00dfes Zeichenb\u00e4ndchen<br \/>\nnicht fehlen.<\/p>\n<p>Liebe Gr\u00fc\u00dfe,<\/p>\n<p>-Ema-<\/p>\n","protected":false},"excerpt":{"rendered":"<p>&nbsp; &nbsp; &nbsp; &nbsp; &nbsp; &nbsp; &nbsp; Was mir die Tage so alles in die H\u00e4nde f\u00e4llt &#8230; Frisch rausgekramt und von Staub befreit, eines meiner ersten B\u00fcchlein, die ich selbst gebunden habe. Zu der Zeit mochte ich kleine Formate, ab A6 abw\u00e4rts, am liebsten. Es ist fadengeheftet, der Buchblock besteht aus normalem Kopierpapier, Vorsatz [&hellip;]<\/p>\n","protected":false},"author":2,"featured_media":0,"comment_status":"open","ping_status":"open","sticky":false,"template":"","format":"standard","meta":{"footnotes":""},"categories":[3],"tags":[],"class_list":["post-454","post","type-post","status-publish","format-standard","hentry","category-buchbinden"],"_links":{"self":[{"href":"https:\/\/www.emadam.de\/blog\/wp-json\/wp\/v2\/posts\/454","targetHints":{"allow":["GET"]}}],"collection":[{"href":"https:\/\/www.emadam.de\/blog\/wp-json\/wp\/v2\/posts"}],"about":[{"href":"https:\/\/www.emadam.de\/blog\/wp-json\/wp\/v2\/types\/post"}],"author":[{"embeddable":true,"href":"https:\/\/www.emadam.de\/blog\/wp-json\/wp\/v2\/users\/2"}],"replies":[{"embeddable":true,"href":"https:\/\/www.emadam.de\/blog\/wp-json\/wp\/v2\/comments?post=454"}],"version-history":[{"count":1,"href":"https:\/\/www.emadam.de\/blog\/wp-json\/wp\/v2\/posts\/454\/revisions"}],"predecessor-version":[{"id":455,"href":"https:\/\/www.emadam.de\/blog\/wp-json\/wp\/v2\/posts\/454\/revisions\/455"}],"wp:attachment":[{"href":"https:\/\/www.emadam.de\/blog\/wp-json\/wp\/v2\/media?parent=454"}],"wp:term":[{"taxonomy":"category","embeddable":true,"href":"https:\/\/www.emadam.de\/blog\/wp-json\/wp\/v2\/categories?post=454"},{"taxonomy":"post_tag","embeddable":true,"href":"https:\/\/www.emadam.de\/blog\/wp-json\/wp\/v2\/tags?post=454"}],"curies":[{"name":"wp","href":"https:\/\/api.w.org\/{rel}","templated":true}]}}