{"id":444,"date":"2010-09-18T16:28:56","date_gmt":"2010-09-18T14:28:56","guid":{"rendered":"http:\/\/www.emadam.de\/blog\/?p=444"},"modified":"2013-09-03T16:32:31","modified_gmt":"2013-09-03T14:32:31","slug":"in-farbe-bitte","status":"publish","type":"post","link":"https:\/\/www.emadam.de\/blog\/de\/2010\/09\/18\/in-farbe-bitte\/","title":{"rendered":"In Farbe bitte!"},"content":{"rendered":"<p><a href=\"https:\/\/www.emadam.de\/blog\/wp-content\/uploads\/2013\/08\/SNC12580.jpg\"><img loading=\"lazy\" decoding=\"async\" class=\"aligncenter size-full wp-image-216\" alt=\"Alter Bilderrahmen\" src=\"https:\/\/www.emadam.de\/blog\/wp-content\/uploads\/2013\/08\/SNC12580.jpg\" width=\"500\" height=\"667\" srcset=\"https:\/\/www.emadam.de\/blog\/wp-content\/uploads\/2013\/08\/SNC12580.jpg 500w, https:\/\/www.emadam.de\/blog\/wp-content\/uploads\/2013\/08\/SNC12580-254x340.jpg 254w\" sizes=\"auto, (max-width: 500px) 100vw, 500px\" \/><\/a>Vor einigen Jahren habe ich auf einem Sperrm\u00fcllhaufen zwei gro\u00dfe Bilderrahmen gefunden. Schnell den Besitzer gefragt ob ich sie haben d\u00fcrfte und schon wurden die Fundst\u00fccke nach Haus geschleppt. Seit dem lagen sie dann aber doch nur im Atelier rum. Diesen Sommer war es nun endlich mal an der Zeit, sie aufzupolieren. Urspr\u00fcnglich haben sie mir in schwarz\/gold, wie sie waren, gefallen.Aber nun stand mir doch der Sinn nach etwas Frischem! Kurz um wurde die alte Farbe abgeschliffen, ein paar Stellen brauchten etwas Leim, dann gab es eine d\u00fcnne, wei\u00dfe Grundierung und danach hab ich sie mir Rot angespr\u00fcht.<\/p>\n<p><a href=\"https:\/\/www.emadam.de\/blog\/wp-content\/uploads\/2013\/08\/SNC13385.jpg\"><img loading=\"lazy\" decoding=\"async\" class=\"aligncenter size-large wp-image-157\" alt=\"Roter  Bilderrahmen\" src=\"https:\/\/www.emadam.de\/blog\/wp-content\/uploads\/2013\/08\/SNC13385-680x906.jpg\" width=\"680\" height=\"906\" srcset=\"https:\/\/www.emadam.de\/blog\/wp-content\/uploads\/2013\/08\/SNC13385-680x906.jpg 680w, https:\/\/www.emadam.de\/blog\/wp-content\/uploads\/2013\/08\/SNC13385-255x340.jpg 255w, https:\/\/www.emadam.de\/blog\/wp-content\/uploads\/2013\/08\/SNC13385-624x832.jpg 624w\" sizes=\"auto, (max-width: 680px) 100vw, 680px\" \/><\/a>Den inneren Goldrand habe ich bei all den Arbeiten immer abgedeckt, weil ich ihn erhalten wollte. Es brauchte bestimmt vier d\u00fcnne Lagen Spr\u00fchfarbe, bis das Rot richtig deckend war. Aber mir gefallen sie gut und sie bekommen nun einen sch\u00f6nen Platz in unseren R\u00e4umlichkeiten!<\/p>\n<p>Liebe Gr\u00fc\u00dfe,<\/p>\n<p>-Ema-<\/p>\n","protected":false},"excerpt":{"rendered":"<p>Vor einigen Jahren habe ich auf einem Sperrm\u00fcllhaufen zwei gro\u00dfe Bilderrahmen gefunden. Schnell den Besitzer gefragt ob ich sie haben d\u00fcrfte und schon wurden die Fundst\u00fccke nach Haus geschleppt. Seit dem lagen sie dann aber doch nur im Atelier rum. Diesen Sommer war es nun endlich mal an der Zeit, sie aufzupolieren. Urspr\u00fcnglich haben sie [&hellip;]<\/p>\n","protected":false},"author":2,"featured_media":0,"comment_status":"open","ping_status":"open","sticky":false,"template":"","format":"standard","meta":{"footnotes":""},"categories":[1,8,5],"tags":[],"class_list":["post-444","post","type-post","status-publish","format-standard","hentry","category-allgemein","category-diy","category-work-in-progress"],"_links":{"self":[{"href":"https:\/\/www.emadam.de\/blog\/wp-json\/wp\/v2\/posts\/444","targetHints":{"allow":["GET"]}}],"collection":[{"href":"https:\/\/www.emadam.de\/blog\/wp-json\/wp\/v2\/posts"}],"about":[{"href":"https:\/\/www.emadam.de\/blog\/wp-json\/wp\/v2\/types\/post"}],"author":[{"embeddable":true,"href":"https:\/\/www.emadam.de\/blog\/wp-json\/wp\/v2\/users\/2"}],"replies":[{"embeddable":true,"href":"https:\/\/www.emadam.de\/blog\/wp-json\/wp\/v2\/comments?post=444"}],"version-history":[{"count":1,"href":"https:\/\/www.emadam.de\/blog\/wp-json\/wp\/v2\/posts\/444\/revisions"}],"predecessor-version":[{"id":445,"href":"https:\/\/www.emadam.de\/blog\/wp-json\/wp\/v2\/posts\/444\/revisions\/445"}],"wp:attachment":[{"href":"https:\/\/www.emadam.de\/blog\/wp-json\/wp\/v2\/media?parent=444"}],"wp:term":[{"taxonomy":"category","embeddable":true,"href":"https:\/\/www.emadam.de\/blog\/wp-json\/wp\/v2\/categories?post=444"},{"taxonomy":"post_tag","embeddable":true,"href":"https:\/\/www.emadam.de\/blog\/wp-json\/wp\/v2\/tags?post=444"}],"curies":[{"name":"wp","href":"https:\/\/api.w.org\/{rel}","templated":true}]}}