{"id":442,"date":"2010-11-07T20:04:17","date_gmt":"2010-11-07T18:04:17","guid":{"rendered":"http:\/\/www.emadam.de\/blog\/?p=442"},"modified":"2013-09-02T20:08:14","modified_gmt":"2013-09-02T18:08:14","slug":"buch-restauration-zweiter-teil","status":"publish","type":"post","link":"https:\/\/www.emadam.de\/blog\/de\/2010\/11\/07\/buch-restauration-zweiter-teil\/","title":{"rendered":"Buch-Restauration, zweiter Teil"},"content":{"rendered":"<p><a href=\"https:\/\/www.emadam.de\/blog\/wp-content\/uploads\/2013\/08\/SNC14219.jpg\"><img loading=\"lazy\" decoding=\"async\" class=\"aligncenter size-large wp-image-124\" alt=\"altes buch\" src=\"https:\/\/www.emadam.de\/blog\/wp-content\/uploads\/2013\/08\/SNC14219-680x998.jpg\" width=\"680\" height=\"998\" srcset=\"https:\/\/www.emadam.de\/blog\/wp-content\/uploads\/2013\/08\/SNC14219-680x998.jpg 680w, https:\/\/www.emadam.de\/blog\/wp-content\/uploads\/2013\/08\/SNC14219-231x340.jpg 231w, https:\/\/www.emadam.de\/blog\/wp-content\/uploads\/2013\/08\/SNC14219-624x916.jpg 624w, https:\/\/www.emadam.de\/blog\/wp-content\/uploads\/2013\/08\/SNC14219.jpg 800w\" sizes=\"auto, (max-width: 680px) 100vw, 680px\" \/><\/a><a href=\"https:\/\/www.emadam.de\/blog\/wp-content\/uploads\/2013\/08\/SNC14220.jpg\"><img loading=\"lazy\" decoding=\"async\" class=\"aligncenter size-large wp-image-123\" alt=\"buch-restauration\" src=\"https:\/\/www.emadam.de\/blog\/wp-content\/uploads\/2013\/08\/SNC14220-680x906.jpg\" width=\"680\" height=\"906\" srcset=\"https:\/\/www.emadam.de\/blog\/wp-content\/uploads\/2013\/08\/SNC14220-680x906.jpg 680w, https:\/\/www.emadam.de\/blog\/wp-content\/uploads\/2013\/08\/SNC14220-624x832.jpg 624w, https:\/\/www.emadam.de\/blog\/wp-content\/uploads\/2013\/08\/SNC14220.jpg 800w\" sizes=\"auto, (max-width: 680px) 100vw, 680px\" \/><\/a>Vor einigen Monaten habe ich euch den Anfang einer Buch-Restauration gezeigt. Weil ich viel zu tun hatte, musste das Projekt leider sehr lange liegenbleiben, bis es endlich weitergearbeitet werden konnte.<\/p>\n<p>Mittlerweile bin ich soweit, dass ich den gesamten Buchblock verarztet habe, sprich, ich habe die einzelnen Seiten wieder zusammengeklebt mit s\u00e4urefreiem Klebeband, sowie die Lagen zusammengesucht. Um beim Heften und sp\u00e4teren Schneiden eine Anlage zu haben, habe ich einen vorl\u00e4ufigen Kopfschnitt an jeder Seite vorgenommen.<a href=\"https:\/\/www.emadam.de\/blog\/wp-content\/uploads\/2013\/08\/SNC14222.jpg\"><img loading=\"lazy\" decoding=\"async\" class=\"aligncenter size-large wp-image-122\" alt=\"buch-restauration\" src=\"https:\/\/www.emadam.de\/blog\/wp-content\/uploads\/2013\/08\/SNC14222-680x906.jpg\" width=\"680\" height=\"906\" srcset=\"https:\/\/www.emadam.de\/blog\/wp-content\/uploads\/2013\/08\/SNC14222-680x906.jpg 680w, https:\/\/www.emadam.de\/blog\/wp-content\/uploads\/2013\/08\/SNC14222-624x832.jpg 624w, https:\/\/www.emadam.de\/blog\/wp-content\/uploads\/2013\/08\/SNC14222.jpg 800w\" sizes=\"auto, (max-width: 680px) 100vw, 680px\" \/><\/a>Das Vorsatzpapier muss durch ein Neues ersetzt werden, weil das Alte schon zu sehr\u00a0 zerrissen ist. Evtl. arbeite ich das Alte aber als fliegendes Vorsatz oder \u00c4hnliches mit ein.<\/p>\n<p>Momentan bin ich noch am \u00fcberlegen, wie viel des alten Einbands ich mit in den Neuen \u00fcbernehmen m\u00f6chte. Auf jeden Fall werde ich die Pr\u00e4gung verwenden. Fraglich ist, ob ich auch den Rest der Grafik &#8211; die noch zu erahnen ist &#8211; beibehalte.<\/p>\n<p>Liebe Gr\u00fc\u00dfe und einen guten Start in die kommende Woche,<\/p>\n<p>-Ema-<\/p>\n","protected":false},"excerpt":{"rendered":"<p>Vor einigen Monaten habe ich euch den Anfang einer Buch-Restauration gezeigt. Weil ich viel zu tun hatte, musste das Projekt leider sehr lange liegenbleiben, bis es endlich weitergearbeitet werden konnte. Mittlerweile bin ich soweit, dass ich den gesamten Buchblock verarztet habe, sprich, ich habe die einzelnen Seiten wieder zusammengeklebt mit s\u00e4urefreiem Klebeband, sowie die Lagen [&hellip;]<\/p>\n","protected":false},"author":2,"featured_media":0,"comment_status":"open","ping_status":"open","sticky":false,"template":"","format":"standard","meta":{"footnotes":""},"categories":[3,5],"tags":[],"class_list":["post-442","post","type-post","status-publish","format-standard","hentry","category-buchbinden","category-work-in-progress"],"_links":{"self":[{"href":"https:\/\/www.emadam.de\/blog\/wp-json\/wp\/v2\/posts\/442","targetHints":{"allow":["GET"]}}],"collection":[{"href":"https:\/\/www.emadam.de\/blog\/wp-json\/wp\/v2\/posts"}],"about":[{"href":"https:\/\/www.emadam.de\/blog\/wp-json\/wp\/v2\/types\/post"}],"author":[{"embeddable":true,"href":"https:\/\/www.emadam.de\/blog\/wp-json\/wp\/v2\/users\/2"}],"replies":[{"embeddable":true,"href":"https:\/\/www.emadam.de\/blog\/wp-json\/wp\/v2\/comments?post=442"}],"version-history":[{"count":1,"href":"https:\/\/www.emadam.de\/blog\/wp-json\/wp\/v2\/posts\/442\/revisions"}],"predecessor-version":[{"id":443,"href":"https:\/\/www.emadam.de\/blog\/wp-json\/wp\/v2\/posts\/442\/revisions\/443"}],"wp:attachment":[{"href":"https:\/\/www.emadam.de\/blog\/wp-json\/wp\/v2\/media?parent=442"}],"wp:term":[{"taxonomy":"category","embeddable":true,"href":"https:\/\/www.emadam.de\/blog\/wp-json\/wp\/v2\/categories?post=442"},{"taxonomy":"post_tag","embeddable":true,"href":"https:\/\/www.emadam.de\/blog\/wp-json\/wp\/v2\/tags?post=442"}],"curies":[{"name":"wp","href":"https:\/\/api.w.org\/{rel}","templated":true}]}}