{"id":425,"date":"2011-02-25T19:34:59","date_gmt":"2011-02-25T17:34:59","guid":{"rendered":"http:\/\/www.emadam.de\/blog\/?p=425"},"modified":"2013-09-02T19:37:58","modified_gmt":"2013-09-02T17:37:58","slug":"abgesetzte-deckel","status":"publish","type":"post","link":"https:\/\/www.emadam.de\/blog\/de\/2011\/02\/25\/abgesetzte-deckel\/","title":{"rendered":"Abgesetzte Deckel"},"content":{"rendered":"<p><a href=\"https:\/\/www.emadam.de\/blog\/wp-content\/uploads\/2013\/08\/SNC12150.jpg\"><img loading=\"lazy\" decoding=\"async\" class=\"aligncenter size-full wp-image-231\" alt=\"notizb\u00fccher mit abgesetzten deckeln\" src=\"https:\/\/www.emadam.de\/blog\/wp-content\/uploads\/2013\/08\/SNC12150.jpg\" width=\"500\" height=\"658\" srcset=\"https:\/\/www.emadam.de\/blog\/wp-content\/uploads\/2013\/08\/SNC12150.jpg 500w, https:\/\/www.emadam.de\/blog\/wp-content\/uploads\/2013\/08\/SNC12150-258x340.jpg 258w\" sizes=\"auto, (max-width: 500px) 100vw, 500px\" \/><\/a>Zwei ca. DIN A6 gro\u00dfe Notizb\u00fccher gibt es heute zu sehen.<br \/>\nDie Buchbl\u00f6cke sind gelumbeckt und den Buchr\u00fccken zieren<br \/>\nein schwarzes bzw. graues Seidenb\u00e4ndchen, die ich anstatt<br \/>\nvon Gewebe verwendet habe. Die Notizb\u00fccher haben angesetzte<br \/>\nDeckel aus 1,5 mm Graupappe, die mit verschiedenen Grafiken<br \/>\nbeklebt sind. Die Deckel sind ca. 8 mm vom Buchr\u00fccken<br \/>\nabgesetzt. Weil ich die Deckel nicht \u00fcberstehen lassen<br \/>\nwollte, habe ich die Pappen nicht mit den Bezugspapieren<br \/>\neingeschlagen, sondern am Ende Alles zusammen dreiseitig<br \/>\nbeschnitten.<\/p>\n<p><a href=\"https:\/\/www.emadam.de\/blog\/wp-content\/uploads\/2013\/08\/SNC12152.jpg\"><img loading=\"lazy\" decoding=\"async\" class=\"aligncenter size-full wp-image-230\" alt=\"notizb\u00fccher mit abgesetzten deckeln\" src=\"https:\/\/www.emadam.de\/blog\/wp-content\/uploads\/2013\/08\/SNC12152.jpg\" width=\"500\" height=\"587\" srcset=\"https:\/\/www.emadam.de\/blog\/wp-content\/uploads\/2013\/08\/SNC12152.jpg 500w, https:\/\/www.emadam.de\/blog\/wp-content\/uploads\/2013\/08\/SNC12152-289x340.jpg 289w\" sizes=\"auto, (max-width: 500px) 100vw, 500px\" \/><\/a><\/p>\n<p>Liebe Gr\u00fc\u00dfe,<\/p>\n<p>-Ema-<\/p>\n","protected":false},"excerpt":{"rendered":"<p>Zwei ca. DIN A6 gro\u00dfe Notizb\u00fccher gibt es heute zu sehen. Die Buchbl\u00f6cke sind gelumbeckt und den Buchr\u00fccken zieren ein schwarzes bzw. graues Seidenb\u00e4ndchen, die ich anstatt von Gewebe verwendet habe. Die Notizb\u00fccher haben angesetzte Deckel aus 1,5 mm Graupappe, die mit verschiedenen Grafiken beklebt sind. Die Deckel sind ca. 8 mm vom Buchr\u00fccken abgesetzt. [&hellip;]<\/p>\n","protected":false},"author":2,"featured_media":0,"comment_status":"open","ping_status":"open","sticky":false,"template":"","format":"standard","meta":{"footnotes":""},"categories":[3],"tags":[],"class_list":["post-425","post","type-post","status-publish","format-standard","hentry","category-buchbinden"],"_links":{"self":[{"href":"https:\/\/www.emadam.de\/blog\/wp-json\/wp\/v2\/posts\/425","targetHints":{"allow":["GET"]}}],"collection":[{"href":"https:\/\/www.emadam.de\/blog\/wp-json\/wp\/v2\/posts"}],"about":[{"href":"https:\/\/www.emadam.de\/blog\/wp-json\/wp\/v2\/types\/post"}],"author":[{"embeddable":true,"href":"https:\/\/www.emadam.de\/blog\/wp-json\/wp\/v2\/users\/2"}],"replies":[{"embeddable":true,"href":"https:\/\/www.emadam.de\/blog\/wp-json\/wp\/v2\/comments?post=425"}],"version-history":[{"count":1,"href":"https:\/\/www.emadam.de\/blog\/wp-json\/wp\/v2\/posts\/425\/revisions"}],"predecessor-version":[{"id":426,"href":"https:\/\/www.emadam.de\/blog\/wp-json\/wp\/v2\/posts\/425\/revisions\/426"}],"wp:attachment":[{"href":"https:\/\/www.emadam.de\/blog\/wp-json\/wp\/v2\/media?parent=425"}],"wp:term":[{"taxonomy":"category","embeddable":true,"href":"https:\/\/www.emadam.de\/blog\/wp-json\/wp\/v2\/categories?post=425"},{"taxonomy":"post_tag","embeddable":true,"href":"https:\/\/www.emadam.de\/blog\/wp-json\/wp\/v2\/tags?post=425"}],"curies":[{"name":"wp","href":"https:\/\/api.w.org\/{rel}","templated":true}]}}