{"id":413,"date":"2011-10-18T17:12:32","date_gmt":"2011-10-18T15:12:32","guid":{"rendered":"http:\/\/www.emadam.de\/blog\/?p=413"},"modified":"2013-09-02T17:20:46","modified_gmt":"2013-09-02T15:20:46","slug":"schmetterling-in-sicht","status":"publish","type":"post","link":"https:\/\/www.emadam.de\/blog\/de\/2011\/10\/18\/schmetterling-in-sicht\/","title":{"rendered":"Schmetterling in Sicht"},"content":{"rendered":"<p><a href=\"https:\/\/www.emadam.de\/blog\/wp-content\/uploads\/2013\/08\/SNC11128.jpg\"><img loading=\"lazy\" decoding=\"async\" class=\"aligncenter size-full wp-image-258\" alt=\"Koptische Bindung\" src=\"https:\/\/www.emadam.de\/blog\/wp-content\/uploads\/2013\/08\/SNC11128.jpg\" width=\"500\" height=\"375\" srcset=\"https:\/\/www.emadam.de\/blog\/wp-content\/uploads\/2013\/08\/SNC11128.jpg 500w, https:\/\/www.emadam.de\/blog\/wp-content\/uploads\/2013\/08\/SNC11128-340x255.jpg 340w\" sizes=\"auto, (max-width: 500px) 100vw, 500px\" \/><\/a>Aus meiner kleinen Sammlung der handgemachten B\u00fccher gibt es heute ein DIN A6 gro\u00dfes Notizb\u00fcchlein im Kopertenstich zu sehen. Das Besondere an dieser Heftung ist die sichtbare Heftung, die ganz ohne Leim auskommt. Die nicht vorhandene R\u00fcckeneinlage etc. sorgt daf\u00fcr, dass sich das Buch ganz flach aufschlagen l\u00e4sst.<\/p>\n<p>Um dem B\u00fcchlein ein wenig Farbe zu verpassen, habe ich um jede zweite Lage ein farbiges Blatt Papier als \u00e4u\u00dferstes Blatt der Lage verwendet.<\/p>\n<p><a href=\"https:\/\/www.emadam.de\/blog\/wp-content\/uploads\/2013\/08\/SNC11127.jpg\"><img loading=\"lazy\" decoding=\"async\" class=\"aligncenter size-full wp-image-259\" alt=\"Koptische Bindung\" src=\"https:\/\/www.emadam.de\/blog\/wp-content\/uploads\/2013\/08\/SNC11127.jpg\" width=\"500\" height=\"375\" srcset=\"https:\/\/www.emadam.de\/blog\/wp-content\/uploads\/2013\/08\/SNC11127.jpg 500w, https:\/\/www.emadam.de\/blog\/wp-content\/uploads\/2013\/08\/SNC11127-340x255.jpg 340w\" sizes=\"auto, (max-width: 500px) 100vw, 500px\" \/><\/a>Die Buchdeckel sind mit schwarzem Papier bezogen und auf dem vorderen Buchdeckel hat es sich ein Schmetterling aus Strass-Steinchen gem\u00fctlich gemacht.<\/p>\n<p>Die Buchdeckel werden bei der koptischen Bindung nicht angeklebt oder \u00c4hnliches, sondern bekommen die gleiche Anzahl an L\u00f6chern wie die Heftlagen und werden mit dem gleichen Faden mitgeheftet. In welchem Abstand zum Rand man die L\u00f6cher in die Buchdeckel sticht, ist jedem selber \u00fcberlassen.<\/p>\n<p>Liebe Gr\u00fc\u00dfe,<\/p>\n<p>-Ema-<\/p>\n","protected":false},"excerpt":{"rendered":"<p>Aus meiner kleinen Sammlung der handgemachten B\u00fccher gibt es heute ein DIN A6 gro\u00dfes Notizb\u00fcchlein im Kopertenstich zu sehen. Das Besondere an dieser Heftung ist die sichtbare Heftung, die ganz ohne Leim auskommt. Die nicht vorhandene R\u00fcckeneinlage etc. sorgt daf\u00fcr, dass sich das Buch ganz flach aufschlagen l\u00e4sst. Um dem B\u00fcchlein ein wenig Farbe zu [&hellip;]<\/p>\n","protected":false},"author":2,"featured_media":0,"comment_status":"open","ping_status":"open","sticky":false,"template":"","format":"standard","meta":{"footnotes":""},"categories":[3],"tags":[],"class_list":["post-413","post","type-post","status-publish","format-standard","hentry","category-buchbinden"],"_links":{"self":[{"href":"https:\/\/www.emadam.de\/blog\/wp-json\/wp\/v2\/posts\/413","targetHints":{"allow":["GET"]}}],"collection":[{"href":"https:\/\/www.emadam.de\/blog\/wp-json\/wp\/v2\/posts"}],"about":[{"href":"https:\/\/www.emadam.de\/blog\/wp-json\/wp\/v2\/types\/post"}],"author":[{"embeddable":true,"href":"https:\/\/www.emadam.de\/blog\/wp-json\/wp\/v2\/users\/2"}],"replies":[{"embeddable":true,"href":"https:\/\/www.emadam.de\/blog\/wp-json\/wp\/v2\/comments?post=413"}],"version-history":[{"count":1,"href":"https:\/\/www.emadam.de\/blog\/wp-json\/wp\/v2\/posts\/413\/revisions"}],"predecessor-version":[{"id":414,"href":"https:\/\/www.emadam.de\/blog\/wp-json\/wp\/v2\/posts\/413\/revisions\/414"}],"wp:attachment":[{"href":"https:\/\/www.emadam.de\/blog\/wp-json\/wp\/v2\/media?parent=413"}],"wp:term":[{"taxonomy":"category","embeddable":true,"href":"https:\/\/www.emadam.de\/blog\/wp-json\/wp\/v2\/categories?post=413"},{"taxonomy":"post_tag","embeddable":true,"href":"https:\/\/www.emadam.de\/blog\/wp-json\/wp\/v2\/tags?post=413"}],"curies":[{"name":"wp","href":"https:\/\/api.w.org\/{rel}","templated":true}]}}