{"id":405,"date":"2011-10-29T16:09:48","date_gmt":"2011-10-29T14:09:48","guid":{"rendered":"http:\/\/www.emadam.de\/blog\/?p=405"},"modified":"2013-09-02T16:48:18","modified_gmt":"2013-09-02T14:48:18","slug":"packpapierliebe","status":"publish","type":"post","link":"https:\/\/www.emadam.de\/blog\/de\/2011\/10\/29\/packpapierliebe\/","title":{"rendered":"Packpapierliebe!"},"content":{"rendered":"<p><a href=\"https:\/\/www.emadam.de\/blog\/wp-content\/uploads\/2013\/08\/SNC16403.jpg\"><img loading=\"lazy\" decoding=\"async\" class=\"aligncenter size-large wp-image-84\" alt=\"Packpapier-Notizbuch\" src=\"https:\/\/www.emadam.de\/blog\/wp-content\/uploads\/2013\/08\/SNC16403-680x566.jpg\" width=\"680\" height=\"566\" srcset=\"https:\/\/www.emadam.de\/blog\/wp-content\/uploads\/2013\/08\/SNC16403-680x566.jpg 680w, https:\/\/www.emadam.de\/blog\/wp-content\/uploads\/2013\/08\/SNC16403-340x283.jpg 340w, https:\/\/www.emadam.de\/blog\/wp-content\/uploads\/2013\/08\/SNC16403-624x520.jpg 624w, https:\/\/www.emadam.de\/blog\/wp-content\/uploads\/2013\/08\/SNC16403.jpg 800w\" sizes=\"auto, (max-width: 680px) 100vw, 680px\" \/><\/a>Ein Material in das ich mich schon vor ewigen Zeiten verguckt habe ist Packpapier. Egal ob als Bogen oder auf der Rolle, ob einseitig glatt oder ganz rauh, mit oder ohne feine Streifen oder kleinen andersfarbigen Schnipseln im Papier.<\/p>\n<p>Deswegen wollte ich endlich mal Notizb\u00fccher mit einem solchen Einband machen. Und so gibt es heute diese beiden <a href=\"http:\/\/de.dawanda.com\/product\/21899597-SkizzenbuchNotizbuch\" target=\"_blank\">Exemplare<\/a> zu zeigen. Das Inhaltspapier ist wei\u00dfes 80g\/m\u00b2 Blanko-Papier, das Vorsatzpapier farbig. Das eine Buch hat ein mintfarbenes, das andere ein lachsfarbenes Vorsatzpapier. Beides Farben, die toll zu dem Braun des Packpapiers passen.<br \/>\nF\u00fcr die sichtbare Heftung habe ich bei dem Buch mit dem lachsfarbenen Vorsatzpapier einen \u00e4hnlichen Farbton f\u00fcr den Heftfaden verwendet. Das zweite Buch hat einen\u00a0 hellbraunen Heftfaden. Urspr\u00fcnglich wollte ich einen hellen gr\u00fcnen Heftfaden nehmen aber das Gr\u00fcn passte einfach nicht gut zu dem Gr\u00fcn des Vorsatzpapiers, weswegen ich mich dann f\u00fcr das Braun entschieden habe.<\/p>\n<p><a href=\"https:\/\/www.emadam.de\/blog\/wp-content\/uploads\/2013\/08\/SNC16405.jpg\"><img loading=\"lazy\" decoding=\"async\" class=\"aligncenter size-large wp-image-82\" alt=\"Packpapier-Notizbuch\" src=\"https:\/\/www.emadam.de\/blog\/wp-content\/uploads\/2013\/08\/SNC16405-680x510.jpg\" width=\"680\" height=\"510\" srcset=\"https:\/\/www.emadam.de\/blog\/wp-content\/uploads\/2013\/08\/SNC16405-680x510.jpg 680w, https:\/\/www.emadam.de\/blog\/wp-content\/uploads\/2013\/08\/SNC16405-340x255.jpg 340w, https:\/\/www.emadam.de\/blog\/wp-content\/uploads\/2013\/08\/SNC16405-624x468.jpg 624w, https:\/\/www.emadam.de\/blog\/wp-content\/uploads\/2013\/08\/SNC16405.jpg 800w\" sizes=\"auto, (max-width: 680px) 100vw, 680px\" \/><\/a>Au\u00dferdem haben beide B\u00fccher eine goldene &#8222;Notizen&#8220; Pr\u00e4gung auf dem vorderen Buchdeckel. Eines ist im oberen Teil des rechten Rands gepr\u00e4gt und das andere im unteren Teil. Das Gold ist je nach Lichteinfall nur dezent zu sehen. Bewegt man aber sich selbst oder das Buch, gl\u00e4nzt die kleine Pr\u00e4gung sehr verf\u00fchrerisch.<\/p>\n<p>Bald wird dann noch ein Notizbuch folgen, dessen Inhaltspapier aus Packpapier besteht! Darauf freu ich mich schon sehr.<\/p>\n<p>Liebe Gr\u00fc\u00dfe,<\/p>\n<p>-Ema-<\/p>\n","protected":false},"excerpt":{"rendered":"<p>Ein Material in das ich mich schon vor ewigen Zeiten verguckt habe ist Packpapier. Egal ob als Bogen oder auf der Rolle, ob einseitig glatt oder ganz rauh, mit oder ohne feine Streifen oder kleinen andersfarbigen Schnipseln im Papier. Deswegen wollte ich endlich mal Notizb\u00fccher mit einem solchen Einband machen. Und so gibt es heute [&hellip;]<\/p>\n","protected":false},"author":2,"featured_media":0,"comment_status":"open","ping_status":"open","sticky":false,"template":"","format":"standard","meta":{"footnotes":""},"categories":[3],"tags":[],"class_list":["post-405","post","type-post","status-publish","format-standard","hentry","category-buchbinden"],"_links":{"self":[{"href":"https:\/\/www.emadam.de\/blog\/wp-json\/wp\/v2\/posts\/405","targetHints":{"allow":["GET"]}}],"collection":[{"href":"https:\/\/www.emadam.de\/blog\/wp-json\/wp\/v2\/posts"}],"about":[{"href":"https:\/\/www.emadam.de\/blog\/wp-json\/wp\/v2\/types\/post"}],"author":[{"embeddable":true,"href":"https:\/\/www.emadam.de\/blog\/wp-json\/wp\/v2\/users\/2"}],"replies":[{"embeddable":true,"href":"https:\/\/www.emadam.de\/blog\/wp-json\/wp\/v2\/comments?post=405"}],"version-history":[{"count":1,"href":"https:\/\/www.emadam.de\/blog\/wp-json\/wp\/v2\/posts\/405\/revisions"}],"predecessor-version":[{"id":406,"href":"https:\/\/www.emadam.de\/blog\/wp-json\/wp\/v2\/posts\/405\/revisions\/406"}],"wp:attachment":[{"href":"https:\/\/www.emadam.de\/blog\/wp-json\/wp\/v2\/media?parent=405"}],"wp:term":[{"taxonomy":"category","embeddable":true,"href":"https:\/\/www.emadam.de\/blog\/wp-json\/wp\/v2\/categories?post=405"},{"taxonomy":"post_tag","embeddable":true,"href":"https:\/\/www.emadam.de\/blog\/wp-json\/wp\/v2\/tags?post=405"}],"curies":[{"name":"wp","href":"https:\/\/api.w.org\/{rel}","templated":true}]}}