{"id":401,"date":"2011-11-01T15:47:22","date_gmt":"2011-11-01T13:47:22","guid":{"rendered":"http:\/\/www.emadam.de\/blog\/?p=401"},"modified":"2013-09-02T15:53:27","modified_gmt":"2013-09-02T13:53:27","slug":"arktische-zeiten","status":"publish","type":"post","link":"https:\/\/www.emadam.de\/blog\/de\/2011\/11\/01\/arktische-zeiten\/","title":{"rendered":"Arktische Zeiten"},"content":{"rendered":"<p><a href=\"https:\/\/www.emadam.de\/blog\/wp-content\/uploads\/2013\/08\/SNC16354.jpg\"><img loading=\"lazy\" decoding=\"async\" class=\"aligncenter size-large wp-image-89\" alt=\"Arktisches Notizbuch\" src=\"https:\/\/www.emadam.de\/blog\/wp-content\/uploads\/2013\/08\/SNC16354-680x811.jpg\" width=\"680\" height=\"811\" srcset=\"https:\/\/www.emadam.de\/blog\/wp-content\/uploads\/2013\/08\/SNC16354-680x811.jpg 680w, https:\/\/www.emadam.de\/blog\/wp-content\/uploads\/2013\/08\/SNC16354-284x340.jpg 284w, https:\/\/www.emadam.de\/blog\/wp-content\/uploads\/2013\/08\/SNC16354-624x744.jpg 624w, https:\/\/www.emadam.de\/blog\/wp-content\/uploads\/2013\/08\/SNC16354.jpg 800w\" sizes=\"auto, (max-width: 680px) 100vw, 680px\" \/><\/a>Bekanntlich passen wir uns mit unserer Kleidung und Accessoires gerne an die herrschende Jahreszeit an. Warum also nicht auch mit unserem Notizbuch? F\u00fcr den kommenden Winter gibt es also ein <a href=\"http:\/\/de.dawanda.com\/product\/21875633-SkizzenbuchNotizbuch\">arktisches Notizbuch<\/a>. Das Inhaltspapier ist eine Mischung aus Bio Top 3 und<br \/>\nkr\u00e4ftig blauem Papier, also ganz in Winterfarben gehalten. Die Buchdeckel sind mit wei\u00dfem Gewebe bezogen und die sichtbare Heftung zieht sich fast wie feine Risse in Eis \u00fcber den R\u00fccken.<\/p>\n<p>Da kann der Winter kommen!<\/p>\n<p>Liebe Gr\u00fc\u00dfe,<\/p>\n<p>-Ema-<\/p>\n","protected":false},"excerpt":{"rendered":"<p>Bekanntlich passen wir uns mit unserer Kleidung und Accessoires gerne an die herrschende Jahreszeit an. Warum also nicht auch mit unserem Notizbuch? F\u00fcr den kommenden Winter gibt es also ein arktisches Notizbuch. Das Inhaltspapier ist eine Mischung aus Bio Top 3 und kr\u00e4ftig blauem Papier, also ganz in Winterfarben gehalten. Die Buchdeckel sind mit wei\u00dfem [&hellip;]<\/p>\n","protected":false},"author":2,"featured_media":0,"comment_status":"open","ping_status":"open","sticky":false,"template":"","format":"standard","meta":{"footnotes":""},"categories":[3],"tags":[],"class_list":["post-401","post","type-post","status-publish","format-standard","hentry","category-buchbinden"],"_links":{"self":[{"href":"https:\/\/www.emadam.de\/blog\/wp-json\/wp\/v2\/posts\/401","targetHints":{"allow":["GET"]}}],"collection":[{"href":"https:\/\/www.emadam.de\/blog\/wp-json\/wp\/v2\/posts"}],"about":[{"href":"https:\/\/www.emadam.de\/blog\/wp-json\/wp\/v2\/types\/post"}],"author":[{"embeddable":true,"href":"https:\/\/www.emadam.de\/blog\/wp-json\/wp\/v2\/users\/2"}],"replies":[{"embeddable":true,"href":"https:\/\/www.emadam.de\/blog\/wp-json\/wp\/v2\/comments?post=401"}],"version-history":[{"count":1,"href":"https:\/\/www.emadam.de\/blog\/wp-json\/wp\/v2\/posts\/401\/revisions"}],"predecessor-version":[{"id":402,"href":"https:\/\/www.emadam.de\/blog\/wp-json\/wp\/v2\/posts\/401\/revisions\/402"}],"wp:attachment":[{"href":"https:\/\/www.emadam.de\/blog\/wp-json\/wp\/v2\/media?parent=401"}],"wp:term":[{"taxonomy":"category","embeddable":true,"href":"https:\/\/www.emadam.de\/blog\/wp-json\/wp\/v2\/categories?post=401"},{"taxonomy":"post_tag","embeddable":true,"href":"https:\/\/www.emadam.de\/blog\/wp-json\/wp\/v2\/tags?post=401"}],"curies":[{"name":"wp","href":"https:\/\/api.w.org\/{rel}","templated":true}]}}