{"id":399,"date":"2011-11-13T15:43:20","date_gmt":"2011-11-13T13:43:20","guid":{"rendered":"http:\/\/www.emadam.de\/blog\/?p=399"},"modified":"2013-09-02T15:47:05","modified_gmt":"2013-09-02T13:47:05","slug":"ill-take-the-rest","status":"publish","type":"post","link":"https:\/\/www.emadam.de\/blog\/de\/2011\/11\/13\/ill-take-the-rest\/","title":{"rendered":"I\u00b4ll take the rest!"},"content":{"rendered":"<p><a href=\"https:\/\/www.emadam.de\/blog\/wp-content\/uploads\/2013\/08\/SNC16281.jpg\"><img loading=\"lazy\" decoding=\"async\" class=\"alignnone size-large wp-image-99\" alt=\"Acetonierte Notizhefte\" src=\"https:\/\/www.emadam.de\/blog\/wp-content\/uploads\/2013\/08\/SNC16281-680x493.jpg\" width=\"680\" height=\"493\" srcset=\"https:\/\/www.emadam.de\/blog\/wp-content\/uploads\/2013\/08\/SNC16281-680x493.jpg 680w, https:\/\/www.emadam.de\/blog\/wp-content\/uploads\/2013\/08\/SNC16281-340x246.jpg 340w, https:\/\/www.emadam.de\/blog\/wp-content\/uploads\/2013\/08\/SNC16281-624x453.jpg 624w, https:\/\/www.emadam.de\/blog\/wp-content\/uploads\/2013\/08\/SNC16281.jpg 800w\" sizes=\"auto, (max-width: 680px) 100vw, 680px\" \/><\/a><\/p>\n<p>Ich bin ja ein gro\u00dfer Fan von Resteverwertung, weswegen so manches Bl\u00e4ttchen hier rumflattert, das andere schon l\u00e4ngst in den M\u00fcll geschmissen h\u00e4tten. Zum Gl\u00fcck mache ich sowas nicht, weswegen ich euch heute eine sch\u00f6ne Serie von <a href=\"http:\/\/de.dawanda.com\/product\/20357681-SchreibheftSkizzenheft\">Heftchen<\/a> zeigen kann, die allesamt aus Resten entstanden sind.<\/p>\n<p><a href=\"https:\/\/www.emadam.de\/blog\/wp-content\/uploads\/2013\/08\/SNC16276.jpg\"><img loading=\"lazy\" decoding=\"async\" class=\"alignnone size-large wp-image-100\" alt=\"Acetoniertes Heftchen\" src=\"https:\/\/www.emadam.de\/blog\/wp-content\/uploads\/2013\/08\/SNC16276-680x978.jpg\" width=\"680\" height=\"978\" srcset=\"https:\/\/www.emadam.de\/blog\/wp-content\/uploads\/2013\/08\/SNC16276-680x978.jpg 680w, https:\/\/www.emadam.de\/blog\/wp-content\/uploads\/2013\/08\/SNC16276-236x340.jpg 236w, https:\/\/www.emadam.de\/blog\/wp-content\/uploads\/2013\/08\/SNC16276-624x897.jpg 624w, https:\/\/www.emadam.de\/blog\/wp-content\/uploads\/2013\/08\/SNC16276.jpg 800w\" sizes=\"auto, (max-width: 680px) 100vw, 680px\" \/><\/a><\/p>\n<p>Jedes Heftchen hat 30 Blatt Inhaltspapier. Alles Restposten, die hier und da mal \u00fcbrig-<br \/>\ngeblieben sind. Zu wenig um ein ganzes Buch davon zu binden, weswegen sie sich eine ganze Zeit lang stapelten. Kurz hingesetzt und die verschiedenen Papiere durchsortiert und dann zu Heftchen gebunden. Vier der f\u00fcnf Heftchen haben eine Sorte Inhaltspapier,<br \/>\ndas F\u00fcnfte hat eine Mischung aus drei Sorten, die als Reste der Reste noch vorhanden waren.<\/p>\n<p>Die Umschl\u00e4ge sind aus letzten Kartonb\u00f6gen, die mein Vater mir mal in die Hand gedr\u00fcckt hat. Ich bin, seit mir klar geworden ist, wie sehr ich diesen Karton und die Farben mag, dauernd auf der Suche nach vergleichbarem Material. Bis jetzt aber erfolglos. Der Karton hat eine ganz eigenen Vintagelook und die Farben sind einfach der Hammer! Au\u00dferdem hat der Karton eine sehr feine Struktur, die erst bei genauerem Hinsehen auff\u00e4llt.<\/p>\n<p><a href=\"https:\/\/www.emadam.de\/blog\/wp-content\/uploads\/2013\/08\/SNC16282.jpg\"><img loading=\"lazy\" decoding=\"async\" class=\"aligncenter size-full wp-image-98\" alt=\"Mini-Heftung\" src=\"https:\/\/www.emadam.de\/blog\/wp-content\/uploads\/2013\/08\/SNC16282.jpg\" width=\"500\" height=\"375\" srcset=\"https:\/\/www.emadam.de\/blog\/wp-content\/uploads\/2013\/08\/SNC16282.jpg 500w, https:\/\/www.emadam.de\/blog\/wp-content\/uploads\/2013\/08\/SNC16282-340x255.jpg 340w\" sizes=\"auto, (max-width: 500px) 100vw, 500px\" \/><\/a>Weil die Hefte insgesamt einen sehr lieblichen Eindruck machen sollten, habe ich sie mit einer Mini-Version der Schulheft-Heftung weiterverarbeitet. Eine ganz sch\u00f6ne Arbeit aber es war die M\u00fche wert.<\/p>\n<p>Zum Schlu\u00df ein dreiseitiger Beschnitt damit alles sch\u00f6n gerade ist, abgerundete Eckchen an der Vorderkante gestanzt und dann hat jedes Heft ein individuelles Acetonmotiv bekommen.<\/p>\n<p>Ich mag die Zusammenstellung dieser Hefte so sehr, dass ich definitiv sagen kann, das es nicht die einzige Serie dieser Art bleiben wird!<\/p>\n<p>Liebe Gr\u00fc\u00dfe,<\/p>\n<p>-Ema-<\/p>\n","protected":false},"excerpt":{"rendered":"<p>Ich bin ja ein gro\u00dfer Fan von Resteverwertung, weswegen so manches Bl\u00e4ttchen hier rumflattert, das andere schon l\u00e4ngst in den M\u00fcll geschmissen h\u00e4tten. Zum Gl\u00fcck mache ich sowas nicht, weswegen ich euch heute eine sch\u00f6ne Serie von Heftchen zeigen kann, die allesamt aus Resten entstanden sind. Jedes Heftchen hat 30 Blatt Inhaltspapier. Alles Restposten, die [&hellip;]<\/p>\n","protected":false},"author":2,"featured_media":0,"comment_status":"open","ping_status":"open","sticky":false,"template":"","format":"standard","meta":{"footnotes":""},"categories":[3],"tags":[],"class_list":["post-399","post","type-post","status-publish","format-standard","hentry","category-buchbinden"],"_links":{"self":[{"href":"https:\/\/www.emadam.de\/blog\/wp-json\/wp\/v2\/posts\/399","targetHints":{"allow":["GET"]}}],"collection":[{"href":"https:\/\/www.emadam.de\/blog\/wp-json\/wp\/v2\/posts"}],"about":[{"href":"https:\/\/www.emadam.de\/blog\/wp-json\/wp\/v2\/types\/post"}],"author":[{"embeddable":true,"href":"https:\/\/www.emadam.de\/blog\/wp-json\/wp\/v2\/users\/2"}],"replies":[{"embeddable":true,"href":"https:\/\/www.emadam.de\/blog\/wp-json\/wp\/v2\/comments?post=399"}],"version-history":[{"count":1,"href":"https:\/\/www.emadam.de\/blog\/wp-json\/wp\/v2\/posts\/399\/revisions"}],"predecessor-version":[{"id":400,"href":"https:\/\/www.emadam.de\/blog\/wp-json\/wp\/v2\/posts\/399\/revisions\/400"}],"wp:attachment":[{"href":"https:\/\/www.emadam.de\/blog\/wp-json\/wp\/v2\/media?parent=399"}],"wp:term":[{"taxonomy":"category","embeddable":true,"href":"https:\/\/www.emadam.de\/blog\/wp-json\/wp\/v2\/categories?post=399"},{"taxonomy":"post_tag","embeddable":true,"href":"https:\/\/www.emadam.de\/blog\/wp-json\/wp\/v2\/tags?post=399"}],"curies":[{"name":"wp","href":"https:\/\/api.w.org\/{rel}","templated":true}]}}