{"id":397,"date":"2011-11-16T15:37:56","date_gmt":"2011-11-16T13:37:56","guid":{"rendered":"http:\/\/www.emadam.de\/blog\/?p=397"},"modified":"2013-09-02T15:42:54","modified_gmt":"2013-09-02T13:42:54","slug":"doodle","status":"publish","type":"post","link":"https:\/\/www.emadam.de\/blog\/de\/2011\/11\/16\/doodle\/","title":{"rendered":"Doodle!"},"content":{"rendered":"<p><a href=\"https:\/\/www.emadam.de\/blog\/wp-content\/uploads\/2013\/08\/SNC16035.jpg\"><img loading=\"lazy\" decoding=\"async\" class=\"alignnone size-large wp-image-111\" alt=\"Notizbuch\" src=\"https:\/\/www.emadam.de\/blog\/wp-content\/uploads\/2013\/08\/SNC16035-680x389.jpg\" width=\"680\" height=\"389\" srcset=\"https:\/\/www.emadam.de\/blog\/wp-content\/uploads\/2013\/08\/SNC16035-680x389.jpg 680w, https:\/\/www.emadam.de\/blog\/wp-content\/uploads\/2013\/08\/SNC16035-340x194.jpg 340w, https:\/\/www.emadam.de\/blog\/wp-content\/uploads\/2013\/08\/SNC16035-624x357.jpg 624w, https:\/\/www.emadam.de\/blog\/wp-content\/uploads\/2013\/08\/SNC16035.jpg 800w\" sizes=\"auto, (max-width: 680px) 100vw, 680px\" \/><\/a><a href=\"https:\/\/www.emadam.de\/blog\/wp-content\/uploads\/2013\/08\/SNC16029.jpg\"><img loading=\"lazy\" decoding=\"async\" class=\"alignnone size-large wp-image-113\" alt=\"Notizbuch\" src=\"https:\/\/www.emadam.de\/blog\/wp-content\/uploads\/2013\/08\/SNC16029-680x474.jpg\" width=\"680\" height=\"474\" srcset=\"https:\/\/www.emadam.de\/blog\/wp-content\/uploads\/2013\/08\/SNC16029-680x474.jpg 680w, https:\/\/www.emadam.de\/blog\/wp-content\/uploads\/2013\/08\/SNC16029-340x237.jpg 340w, https:\/\/www.emadam.de\/blog\/wp-content\/uploads\/2013\/08\/SNC16029-624x435.jpg 624w, https:\/\/www.emadam.de\/blog\/wp-content\/uploads\/2013\/08\/SNC16029.jpg 800w\" sizes=\"auto, (max-width: 680px) 100vw, 680px\" \/><\/a><\/p>\n<p>Heute gibt es zwei kleine schmale Querformate. Aus gestrichenem, recht dickem Papier habe ich zwei Buchbl\u00f6cke geheftet, abgeleimt und mit Kapitalband versehen. Die Einb\u00e4nde sind unifarben, mit einer Pr\u00e4gung auf dem vorderen Buchdeckel. Die Idee zu diesen kleinen <a href=\"http:\/\/de.dawanda.com\/product\/24892073-Skizzenbuch\">Querformaten<\/a> kam dadurch, dass ich das Format super fand um kleine Comics, Rahmen f\u00fcr Rahmen, als Endlosgeschichte, darin unter zu bringen. Anders als bei normalformatigen Skizzenb\u00fcchern, wo man von links nach rechts und dann eine Zeile darunter wieder von links beginnend liest\/scribbelt, ver\u00e4ndert sich hier das Leseverhalten insofern, dass man durchgehend nur noch von links nach rechts liest. Nat\u00fcrlich vorausgesetzt, dass die<br \/>\nH\u00f6he des Buches auch f\u00fcr eine Szene genutzt wird und nicht noch ein oder mehrmals unterteilt wird.<\/p>\n<p>Und mein zweiter Gedanke, weswegen auch das Inhaltspapier dementsprechend ausgew\u00e4hlt ist, galt dem Graffiti. Viele meiner eigenen Graffitis sind querformatig und<br \/>\nich hab mich deswegen immer selber nach einem kleinen, querformatigen Skizzenbuch gesehnt. Die gibt es zwar auch wie Sand am Meer aber viele davon sind auch nicht unbedingt markerfreundlich. Sprich: man f\u00e4rbt seine Skizzen mit den tollen Markern ein und kann dann die n\u00e4chsten 2 Seiten \u00fcberspringen, weil die Farbe bis dahin durchgedrungen ist.<\/p>\n<p><a href=\"https:\/\/www.emadam.de\/blog\/wp-content\/uploads\/2013\/08\/SNC16030.jpg\"><img loading=\"lazy\" decoding=\"async\" class=\"alignnone size-large wp-image-112\" alt=\"Notizbuch\" src=\"https:\/\/www.emadam.de\/blog\/wp-content\/uploads\/2013\/08\/SNC16030-680x510.jpg\" width=\"680\" height=\"510\" srcset=\"https:\/\/www.emadam.de\/blog\/wp-content\/uploads\/2013\/08\/SNC16030-680x510.jpg 680w, https:\/\/www.emadam.de\/blog\/wp-content\/uploads\/2013\/08\/SNC16030-340x255.jpg 340w, https:\/\/www.emadam.de\/blog\/wp-content\/uploads\/2013\/08\/SNC16030-624x468.jpg 624w, https:\/\/www.emadam.de\/blog\/wp-content\/uploads\/2013\/08\/SNC16030.jpg 800w\" sizes=\"auto, (max-width: 680px) 100vw, 680px\" \/><\/a><\/p>\n<p>Ein kleines drittes B\u00fcchlein dieser Art ist auch noch in Arbeit, wird aber vielleicht sogar mein eigen bleiben. Da kann ich mich dann mit meinen Markern austoben!<\/p>\n<p>Liebe Gr\u00fc\u00dfe,<\/p>\n<p>-Ema-<\/p>\n","protected":false},"excerpt":{"rendered":"<p>Heute gibt es zwei kleine schmale Querformate. Aus gestrichenem, recht dickem Papier habe ich zwei Buchbl\u00f6cke geheftet, abgeleimt und mit Kapitalband versehen. Die Einb\u00e4nde sind unifarben, mit einer Pr\u00e4gung auf dem vorderen Buchdeckel. Die Idee zu diesen kleinen Querformaten kam dadurch, dass ich das Format super fand um kleine Comics, Rahmen f\u00fcr Rahmen, als Endlosgeschichte, [&hellip;]<\/p>\n","protected":false},"author":2,"featured_media":0,"comment_status":"open","ping_status":"open","sticky":false,"template":"","format":"standard","meta":{"footnotes":""},"categories":[3],"tags":[],"class_list":["post-397","post","type-post","status-publish","format-standard","hentry","category-buchbinden"],"_links":{"self":[{"href":"https:\/\/www.emadam.de\/blog\/wp-json\/wp\/v2\/posts\/397","targetHints":{"allow":["GET"]}}],"collection":[{"href":"https:\/\/www.emadam.de\/blog\/wp-json\/wp\/v2\/posts"}],"about":[{"href":"https:\/\/www.emadam.de\/blog\/wp-json\/wp\/v2\/types\/post"}],"author":[{"embeddable":true,"href":"https:\/\/www.emadam.de\/blog\/wp-json\/wp\/v2\/users\/2"}],"replies":[{"embeddable":true,"href":"https:\/\/www.emadam.de\/blog\/wp-json\/wp\/v2\/comments?post=397"}],"version-history":[{"count":1,"href":"https:\/\/www.emadam.de\/blog\/wp-json\/wp\/v2\/posts\/397\/revisions"}],"predecessor-version":[{"id":398,"href":"https:\/\/www.emadam.de\/blog\/wp-json\/wp\/v2\/posts\/397\/revisions\/398"}],"wp:attachment":[{"href":"https:\/\/www.emadam.de\/blog\/wp-json\/wp\/v2\/media?parent=397"}],"wp:term":[{"taxonomy":"category","embeddable":true,"href":"https:\/\/www.emadam.de\/blog\/wp-json\/wp\/v2\/categories?post=397"},{"taxonomy":"post_tag","embeddable":true,"href":"https:\/\/www.emadam.de\/blog\/wp-json\/wp\/v2\/tags?post=397"}],"curies":[{"name":"wp","href":"https:\/\/api.w.org\/{rel}","templated":true}]}}