{"id":392,"date":"2011-12-08T15:29:45","date_gmt":"2011-12-08T13:29:45","guid":{"rendered":"http:\/\/www.emadam.de\/blog\/?p=392"},"modified":"2013-09-02T15:34:47","modified_gmt":"2013-09-02T13:34:47","slug":"auf-ins-neue-jahr","status":"publish","type":"post","link":"https:\/\/www.emadam.de\/blog\/de\/2011\/12\/08\/auf-ins-neue-jahr\/","title":{"rendered":"Auf ins neue Jahr!"},"content":{"rendered":"<p><a href=\"https:\/\/www.emadam.de\/blog\/wp-content\/uploads\/2013\/08\/SNC16878.jpg\"><img loading=\"lazy\" decoding=\"async\" class=\"alignnone size-large wp-image-65\" alt=\"Kalender\" src=\"https:\/\/www.emadam.de\/blog\/wp-content\/uploads\/2013\/08\/SNC16878-680x899.jpg\" width=\"680\" height=\"899\" srcset=\"https:\/\/www.emadam.de\/blog\/wp-content\/uploads\/2013\/08\/SNC16878-680x899.jpg 680w, https:\/\/www.emadam.de\/blog\/wp-content\/uploads\/2013\/08\/SNC16878-624x825.jpg 624w, https:\/\/www.emadam.de\/blog\/wp-content\/uploads\/2013\/08\/SNC16878.jpg 1000w\" sizes=\"auto, (max-width: 680px) 100vw, 680px\" \/><\/a><\/p>\n<p>Ein Projekt, das mir sehr am Herzen lag, ist nun endlich fertig geworden. Schon lange wollte<br \/>\nich einen eigenen Kalender rausbringen, letztendlich scheiterte es immer wieder an Kleinigkeiten. F\u00fcr das kommende Jahr gibt es nun endlich eine kleine Auflage von 20 Exemplaren. Vom Layout, \u00fcber die Auswahl an Feiertagen (auch wenn einige davon hier zu Lande nicht gefeiert werden, finde ich es lustig zu wissen was es da so gibt &#8230;) bis hin zu den Illustrationen und der buchbinderischen Verarbeitung, habe ich alles selbstgemacht.<\/p>\n<p>Dabei gab es viel zu lernen und zu tun. Entstanden ist ein <a href=\"http:\/\/de.dawanda.com\/product\/25452041-Kalender-2012\">Taschenbuchkalender<\/a> im Format 18,8 x 13,8 cm. Jedes Cover ist mit einer Originalzeichnung versehen und hat auf der letzten Seite eine handschriftliche Nummerierung, welche dar\u00fcber Auskunft gibt, welches der 20 Exemplare man in den H\u00e4nden h\u00e4lt.<\/p>\n<p><a href=\"https:\/\/www.emadam.de\/blog\/wp-content\/uploads\/2013\/08\/SNC16881.jpg\"><img loading=\"lazy\" decoding=\"async\" class=\"alignnone size-large wp-image-66\" alt=\"Kalender\" src=\"https:\/\/www.emadam.de\/blog\/wp-content\/uploads\/2013\/08\/SNC16881-680x935.jpg\" width=\"680\" height=\"935\" srcset=\"https:\/\/www.emadam.de\/blog\/wp-content\/uploads\/2013\/08\/SNC16881-680x935.jpg 680w, https:\/\/www.emadam.de\/blog\/wp-content\/uploads\/2013\/08\/SNC16881-247x340.jpg 247w, https:\/\/www.emadam.de\/blog\/wp-content\/uploads\/2013\/08\/SNC16881-624x858.jpg 624w, https:\/\/www.emadam.de\/blog\/wp-content\/uploads\/2013\/08\/SNC16881.jpg 848w\" sizes=\"auto, (max-width: 680px) 100vw, 680px\" \/><\/a><a href=\"https:\/\/www.emadam.de\/blog\/wp-content\/uploads\/2013\/08\/SNC16880.jpg\"><img loading=\"lazy\" decoding=\"async\" class=\"alignnone size-large wp-image-67\" alt=\"Kalender\" src=\"https:\/\/www.emadam.de\/blog\/wp-content\/uploads\/2013\/08\/SNC16880-680x510.jpg\" width=\"680\" height=\"510\" srcset=\"https:\/\/www.emadam.de\/blog\/wp-content\/uploads\/2013\/08\/SNC16880-680x510.jpg 680w, https:\/\/www.emadam.de\/blog\/wp-content\/uploads\/2013\/08\/SNC16880-340x255.jpg 340w, https:\/\/www.emadam.de\/blog\/wp-content\/uploads\/2013\/08\/SNC16880-624x468.jpg 624w, https:\/\/www.emadam.de\/blog\/wp-content\/uploads\/2013\/08\/SNC16880.jpg 1000w\" sizes=\"auto, (max-width: 680px) 100vw, 680px\" \/><\/a><\/p>\n<p>Als Inhaltspapier habe ich mein geliebtes Bio Top 3 ausgew\u00e4hlt. Eine Seite ist f\u00fcr eine Kalenderwoche angelegt und der Kalender ist in japanischer Heftung gestaltet. Das bedeutet der Falz liegt an der Buchvorderkante, jede Seite ist dadurch nach vorne hin geschlossen. So k\u00f6nnen kleine Notizzettel, Flyer oder Liebesbriefe dort hineingeschoben und aufbewahrt werden. Bei gr\u00f6\u00dferem Platzbedarf, kann die Seite mit einem Brief\u00f6ffner oder Messer vorne aufgeschlitzt werden und schon hat man zwei Blancoseiten zum vollschreiben.<\/p>\n<p>Zwischen den eigentlichen Kalenderseiten befinden sich unterschiedlich eingek\u00fcrzte, pastellorangefarbene Seiten mit Pflanzenillustrationen darauf.<\/p>\n<p><a href=\"https:\/\/www.emadam.de\/blog\/wp-content\/uploads\/2013\/08\/kalender1.jpg\"><img loading=\"lazy\" decoding=\"async\" class=\"alignnone size-large wp-image-181\" alt=\"kalender1\" src=\"https:\/\/www.emadam.de\/blog\/wp-content\/uploads\/2013\/08\/kalender1-672x1024.jpg\" width=\"672\" height=\"1024\" srcset=\"https:\/\/www.emadam.de\/blog\/wp-content\/uploads\/2013\/08\/kalender1-672x1024.jpg 672w, https:\/\/www.emadam.de\/blog\/wp-content\/uploads\/2013\/08\/kalender1-223x340.jpg 223w, https:\/\/www.emadam.de\/blog\/wp-content\/uploads\/2013\/08\/kalender1-624x950.jpg 624w\" sizes=\"auto, (max-width: 672px) 100vw, 672px\" \/><\/a><\/p>\n<p>Das Pastell-Orange habe ich durch entsprechendes Gewebe f\u00fcr den R\u00fccken des Kalender nochmal aufgegriffen. Genauso gibt es zwei Zeichenb\u00e4ndchen in zwei unterschiedlichen<br \/>\nOranget\u00f6nen.<\/p>\n<p>Die Deckel sind mit leicht gelblichem Vorsatzpapier bezogen. Das toll zu dem Bio Top 3 passt. Das i-T\u00fcpfelchen des Kalenders ist eine goldfarbene Originalzeichnung auf dem<br \/>\nvorderen Buchdeckel. Die Zeichnung habe ich mittels durchzeichnen durch goldene Pr\u00e4gefolie aufgebracht und dann versiegelt.<\/p>\n<p>Vielleicht findet ja wirklich jemand Gefallen an meinem Kalender.<\/p>\n<p>Liebe Gr\u00fc\u00dfe,<\/p>\n<p>-Ema-<\/p>\n","protected":false},"excerpt":{"rendered":"<p>Ein Projekt, das mir sehr am Herzen lag, ist nun endlich fertig geworden. Schon lange wollte ich einen eigenen Kalender rausbringen, letztendlich scheiterte es immer wieder an Kleinigkeiten. F\u00fcr das kommende Jahr gibt es nun endlich eine kleine Auflage von 20 Exemplaren. Vom Layout, \u00fcber die Auswahl an Feiertagen (auch wenn einige davon hier zu [&hellip;]<\/p>\n","protected":false},"author":2,"featured_media":0,"comment_status":"open","ping_status":"open","sticky":false,"template":"","format":"standard","meta":{"footnotes":""},"categories":[3],"tags":[],"class_list":["post-392","post","type-post","status-publish","format-standard","hentry","category-buchbinden"],"_links":{"self":[{"href":"https:\/\/www.emadam.de\/blog\/wp-json\/wp\/v2\/posts\/392","targetHints":{"allow":["GET"]}}],"collection":[{"href":"https:\/\/www.emadam.de\/blog\/wp-json\/wp\/v2\/posts"}],"about":[{"href":"https:\/\/www.emadam.de\/blog\/wp-json\/wp\/v2\/types\/post"}],"author":[{"embeddable":true,"href":"https:\/\/www.emadam.de\/blog\/wp-json\/wp\/v2\/users\/2"}],"replies":[{"embeddable":true,"href":"https:\/\/www.emadam.de\/blog\/wp-json\/wp\/v2\/comments?post=392"}],"version-history":[{"count":2,"href":"https:\/\/www.emadam.de\/blog\/wp-json\/wp\/v2\/posts\/392\/revisions"}],"predecessor-version":[{"id":394,"href":"https:\/\/www.emadam.de\/blog\/wp-json\/wp\/v2\/posts\/392\/revisions\/394"}],"wp:attachment":[{"href":"https:\/\/www.emadam.de\/blog\/wp-json\/wp\/v2\/media?parent=392"}],"wp:term":[{"taxonomy":"category","embeddable":true,"href":"https:\/\/www.emadam.de\/blog\/wp-json\/wp\/v2\/categories?post=392"},{"taxonomy":"post_tag","embeddable":true,"href":"https:\/\/www.emadam.de\/blog\/wp-json\/wp\/v2\/tags?post=392"}],"curies":[{"name":"wp","href":"https:\/\/api.w.org\/{rel}","templated":true}]}}