{"id":386,"date":"2012-05-01T15:09:13","date_gmt":"2012-05-01T13:09:13","guid":{"rendered":"http:\/\/www.emadam.de\/blog\/?p=386"},"modified":"2013-09-02T15:12:02","modified_gmt":"2013-09-02T13:12:02","slug":"grauzone","status":"publish","type":"post","link":"https:\/\/www.emadam.de\/blog\/de\/2012\/05\/01\/grauzone\/","title":{"rendered":"Grauzone"},"content":{"rendered":"<p><a href=\"https:\/\/www.emadam.de\/blog\/wp-content\/uploads\/2013\/08\/SNC16409.jpg\"><img loading=\"lazy\" decoding=\"async\" class=\"alignnone size-large wp-image-80\" alt=\"Grauzone\" src=\"https:\/\/www.emadam.de\/blog\/wp-content\/uploads\/2013\/08\/SNC16409-680x985.jpg\" width=\"680\" height=\"985\" srcset=\"https:\/\/www.emadam.de\/blog\/wp-content\/uploads\/2013\/08\/SNC16409-680x985.jpg 680w, https:\/\/www.emadam.de\/blog\/wp-content\/uploads\/2013\/08\/SNC16409-234x340.jpg 234w, https:\/\/www.emadam.de\/blog\/wp-content\/uploads\/2013\/08\/SNC16409-624x904.jpg 624w, https:\/\/www.emadam.de\/blog\/wp-content\/uploads\/2013\/08\/SNC16409.jpg 800w\" sizes=\"auto, (max-width: 680px) 100vw, 680px\" \/><\/a><a href=\"https:\/\/www.emadam.de\/blog\/wp-content\/uploads\/2013\/08\/SNC16408.jpg\"><img loading=\"lazy\" decoding=\"async\" class=\"alignnone size-large wp-image-81\" alt=\"Grauzone\" src=\"https:\/\/www.emadam.de\/blog\/wp-content\/uploads\/2013\/08\/SNC16408-680x548.jpg\" width=\"680\" height=\"548\" srcset=\"https:\/\/www.emadam.de\/blog\/wp-content\/uploads\/2013\/08\/SNC16408-680x548.jpg 680w, https:\/\/www.emadam.de\/blog\/wp-content\/uploads\/2013\/08\/SNC16408-340x274.jpg 340w, https:\/\/www.emadam.de\/blog\/wp-content\/uploads\/2013\/08\/SNC16408-624x503.jpg 624w, https:\/\/www.emadam.de\/blog\/wp-content\/uploads\/2013\/08\/SNC16408.jpg 744w\" sizes=\"auto, (max-width: 680px) 100vw, 680px\" \/><\/a><\/p>\n<p>Ich liebe Kombinationen aus Grau und einer sch\u00f6nen frischen Farbe! Deswegen gibt es heute genau so eine <a href=\"http:\/\/de.dawanda.com\/product\/21899757-SkizzenbuchNotizbuchTagebuch\">Kombination<\/a> zu sehen.<\/p>\n<p>Das Notizbuch ist DIN A5 gro\u00df, hat wei\u00dfes Blanco-Papier und quietschig gelbes Vorsatzpapier. Dementsprechend ist auch eines der Zeichenb\u00e4ndchen Gelb und auf der Vorderseite des Einbands eine gelbe &#8222;Notizen&#8220; Pr\u00e4gung. Nach langem \u00dcberlegen habe ich mich beim Kapitalband auch f\u00fcr reines Gelb entschieden (anstatt grau-gelb gestreift) und<br \/>\ndaf\u00fcr noch ein zweites, diesmal graues Zeichenb\u00e4ndchen hinzugef\u00fcgt.<\/p>\n<p>Die Buchdeckel sind mit mittelgrauem Gewebe bezogen, dass sich sehr angenehm anfasst. Ich \u00fcberlege, ob ich eine ganze Serie in dieser Art noch mache.<br \/>\nGrau-Orange, Grau-T\u00fcrkis, Grau-Gr\u00fcn, Grau-Blau.<br \/>\nK\u00f6nnte ich mir gut vorstellen!<\/p>\n<p>Liebe Gr\u00fc\u00dfe,<\/p>\n<p>-Ema-<\/p>\n","protected":false},"excerpt":{"rendered":"<p>Ich liebe Kombinationen aus Grau und einer sch\u00f6nen frischen Farbe! Deswegen gibt es heute genau so eine Kombination zu sehen. Das Notizbuch ist DIN A5 gro\u00df, hat wei\u00dfes Blanco-Papier und quietschig gelbes Vorsatzpapier. Dementsprechend ist auch eines der Zeichenb\u00e4ndchen Gelb und auf der Vorderseite des Einbands eine gelbe &#8222;Notizen&#8220; Pr\u00e4gung. Nach langem \u00dcberlegen habe ich [&hellip;]<\/p>\n","protected":false},"author":2,"featured_media":0,"comment_status":"open","ping_status":"open","sticky":false,"template":"","format":"standard","meta":{"footnotes":""},"categories":[3],"tags":[],"class_list":["post-386","post","type-post","status-publish","format-standard","hentry","category-buchbinden"],"_links":{"self":[{"href":"https:\/\/www.emadam.de\/blog\/wp-json\/wp\/v2\/posts\/386","targetHints":{"allow":["GET"]}}],"collection":[{"href":"https:\/\/www.emadam.de\/blog\/wp-json\/wp\/v2\/posts"}],"about":[{"href":"https:\/\/www.emadam.de\/blog\/wp-json\/wp\/v2\/types\/post"}],"author":[{"embeddable":true,"href":"https:\/\/www.emadam.de\/blog\/wp-json\/wp\/v2\/users\/2"}],"replies":[{"embeddable":true,"href":"https:\/\/www.emadam.de\/blog\/wp-json\/wp\/v2\/comments?post=386"}],"version-history":[{"count":1,"href":"https:\/\/www.emadam.de\/blog\/wp-json\/wp\/v2\/posts\/386\/revisions"}],"predecessor-version":[{"id":387,"href":"https:\/\/www.emadam.de\/blog\/wp-json\/wp\/v2\/posts\/386\/revisions\/387"}],"wp:attachment":[{"href":"https:\/\/www.emadam.de\/blog\/wp-json\/wp\/v2\/media?parent=386"}],"wp:term":[{"taxonomy":"category","embeddable":true,"href":"https:\/\/www.emadam.de\/blog\/wp-json\/wp\/v2\/categories?post=386"},{"taxonomy":"post_tag","embeddable":true,"href":"https:\/\/www.emadam.de\/blog\/wp-json\/wp\/v2\/tags?post=386"}],"curies":[{"name":"wp","href":"https:\/\/api.w.org\/{rel}","templated":true}]}}