{"id":381,"date":"2012-05-06T15:03:51","date_gmt":"2012-05-06T13:03:51","guid":{"rendered":"http:\/\/www.emadam.de\/blog\/?p=381"},"modified":"2013-09-02T15:05:57","modified_gmt":"2013-09-02T13:05:57","slug":"fragen-und-antworten","status":"publish","type":"post","link":"https:\/\/www.emadam.de\/blog\/de\/2012\/05\/06\/fragen-und-antworten\/","title":{"rendered":"Fragen und Antworten&#8230;"},"content":{"rendered":"<p><a href=\"https:\/\/www.emadam.de\/blog\/wp-content\/uploads\/2013\/08\/SNC16343.jpg\"><img loading=\"lazy\" decoding=\"async\" class=\"alignnone size-large wp-image-95\" alt=\"color inside\" src=\"https:\/\/www.emadam.de\/blog\/wp-content\/uploads\/2013\/08\/SNC16343-680x499.jpg\" width=\"680\" height=\"499\" srcset=\"https:\/\/www.emadam.de\/blog\/wp-content\/uploads\/2013\/08\/SNC16343-680x499.jpg 680w, https:\/\/www.emadam.de\/blog\/wp-content\/uploads\/2013\/08\/SNC16343-340x249.jpg 340w, https:\/\/www.emadam.de\/blog\/wp-content\/uploads\/2013\/08\/SNC16343-624x458.jpg 624w, https:\/\/www.emadam.de\/blog\/wp-content\/uploads\/2013\/08\/SNC16343.jpg 800w\" sizes=\"auto, (max-width: 680px) 100vw, 680px\" \/><\/a><a href=\"https:\/\/www.emadam.de\/blog\/wp-content\/uploads\/2013\/08\/SNC16342.jpg\"><img loading=\"lazy\" decoding=\"async\" class=\"alignnone size-large wp-image-96\" alt=\"color inside\" src=\"https:\/\/www.emadam.de\/blog\/wp-content\/uploads\/2013\/08\/SNC16342-680x354.jpg\" width=\"680\" height=\"354\" srcset=\"https:\/\/www.emadam.de\/blog\/wp-content\/uploads\/2013\/08\/SNC16342-680x354.jpg 680w, https:\/\/www.emadam.de\/blog\/wp-content\/uploads\/2013\/08\/SNC16342-340x177.jpg 340w, https:\/\/www.emadam.de\/blog\/wp-content\/uploads\/2013\/08\/SNC16342-624x325.jpg 624w, https:\/\/www.emadam.de\/blog\/wp-content\/uploads\/2013\/08\/SNC16342.jpg 800w\" sizes=\"auto, (max-width: 680px) 100vw, 680px\" \/><\/a><\/p>\n<p>&#8230;<\/p>\n<p>k\u00f6nnen sich in diesen <a href=\"http:\/\/de.dawanda.com\/product\/21874813--Notizheft\">Notizheften<\/a> versammeln. Und das auf farbenpr\u00e4chtigem Papier. Jedes der Notizhefte hat eine andere Farbe als Innenpapier. Der Einband ist aus grauem Fotokarton, der gerillt wurde und dann gemeinsam mit dem Inhaltspapier mit dem klassischen 3-Loch-Schulheftstich geheftet wurde. Zum Schluss habe ich noch verschieden<br \/>\ngro\u00dfe Frage- und Ausrufezeichen auf die Notizhefte acetoniert. Dann ein dreiseitiger Beschnitt, damit die Kanten sch\u00f6n gleichm\u00e4\u00dfig sind und eine Abrundung der vorderen Ecken.<\/p>\n<p>Liebe Gr\u00fc\u00dfe,<\/p>\n<p>-Ema-<\/p>\n","protected":false},"excerpt":{"rendered":"<p>&#8230; k\u00f6nnen sich in diesen Notizheften versammeln. Und das auf farbenpr\u00e4chtigem Papier. Jedes der Notizhefte hat eine andere Farbe als Innenpapier. Der Einband ist aus grauem Fotokarton, der gerillt wurde und dann gemeinsam mit dem Inhaltspapier mit dem klassischen 3-Loch-Schulheftstich geheftet wurde. Zum Schluss habe ich noch verschieden gro\u00dfe Frage- und Ausrufezeichen auf die Notizhefte [&hellip;]<\/p>\n","protected":false},"author":2,"featured_media":0,"comment_status":"open","ping_status":"open","sticky":false,"template":"","format":"standard","meta":{"footnotes":""},"categories":[3],"tags":[],"class_list":["post-381","post","type-post","status-publish","format-standard","hentry","category-buchbinden"],"_links":{"self":[{"href":"https:\/\/www.emadam.de\/blog\/wp-json\/wp\/v2\/posts\/381","targetHints":{"allow":["GET"]}}],"collection":[{"href":"https:\/\/www.emadam.de\/blog\/wp-json\/wp\/v2\/posts"}],"about":[{"href":"https:\/\/www.emadam.de\/blog\/wp-json\/wp\/v2\/types\/post"}],"author":[{"embeddable":true,"href":"https:\/\/www.emadam.de\/blog\/wp-json\/wp\/v2\/users\/2"}],"replies":[{"embeddable":true,"href":"https:\/\/www.emadam.de\/blog\/wp-json\/wp\/v2\/comments?post=381"}],"version-history":[{"count":1,"href":"https:\/\/www.emadam.de\/blog\/wp-json\/wp\/v2\/posts\/381\/revisions"}],"predecessor-version":[{"id":382,"href":"https:\/\/www.emadam.de\/blog\/wp-json\/wp\/v2\/posts\/381\/revisions\/382"}],"wp:attachment":[{"href":"https:\/\/www.emadam.de\/blog\/wp-json\/wp\/v2\/media?parent=381"}],"wp:term":[{"taxonomy":"category","embeddable":true,"href":"https:\/\/www.emadam.de\/blog\/wp-json\/wp\/v2\/categories?post=381"},{"taxonomy":"post_tag","embeddable":true,"href":"https:\/\/www.emadam.de\/blog\/wp-json\/wp\/v2\/tags?post=381"}],"curies":[{"name":"wp","href":"https:\/\/api.w.org\/{rel}","templated":true}]}}