{"id":375,"date":"2012-07-13T14:58:32","date_gmt":"2012-07-13T12:58:32","guid":{"rendered":"http:\/\/www.emadam.de\/blog\/?p=375"},"modified":"2013-09-02T14:59:52","modified_gmt":"2013-09-02T12:59:52","slug":"das-zuckersuesse-quartett","status":"publish","type":"post","link":"https:\/\/www.emadam.de\/blog\/de\/2012\/07\/13\/das-zuckersuesse-quartett\/","title":{"rendered":"Das zuckers\u00fc\u00dfe Quartett"},"content":{"rendered":"<p><a href=\"https:\/\/www.emadam.de\/blog\/wp-content\/uploads\/2013\/08\/SNC17881.jpg\"><img loading=\"lazy\" decoding=\"async\" class=\"alignnone size-large wp-image-63\" alt=\"Zuckers\u00fc\u00dfes Quartett\" src=\"https:\/\/www.emadam.de\/blog\/wp-content\/uploads\/2013\/08\/SNC17881-680x563.jpg\" width=\"680\" height=\"563\" srcset=\"https:\/\/www.emadam.de\/blog\/wp-content\/uploads\/2013\/08\/SNC17881-680x563.jpg 680w, https:\/\/www.emadam.de\/blog\/wp-content\/uploads\/2013\/08\/SNC17881-340x281.jpg 340w, https:\/\/www.emadam.de\/blog\/wp-content\/uploads\/2013\/08\/SNC17881-624x517.jpg 624w, https:\/\/www.emadam.de\/blog\/wp-content\/uploads\/2013\/08\/SNC17881.jpg 1000w\" sizes=\"auto, (max-width: 680px) 100vw, 680px\" \/><\/a><\/p>\n<p>Manches wirkt einfach noch sch\u00f6ner, wenn es Teil einer <a href=\"http:\/\/de.dawanda.com\/product\/33205173-4er-Set-Notizhefte\">Serie<\/a> ist. Darum gibt es heute eine kleine Notizheft-Serie, bestehend aus vier Heften, die ich alle in letzter Zeit angefertigt habe. Ein Heftchen in der Gr\u00f6\u00dfe DIN A5 und die anderen drei sind DIN A6 gro\u00df. Eines der kleinen Heftchen habe ich als Hochformat, zum seitlichen aufklappen und eines zum nach oben aufklappen angefertigt. Das dritte ist ein Querformat und l\u00e4sst sich, genau wie das gr\u00f6\u00dfere Heft seitlich aufklappen. Die Motive habe ich alle vor dem Heften per Hand auf den Fotokarton acetoniert. Dann Inhaltspapier und den Karton vorgestochen und mit etwas st\u00e4rkerem Buchbinderzwirn geheftet. Wegen den kleinen Formaten und um eine Einheitlichkeit zu behalten, habe ich mich bei jedem Heftchen f\u00fcr die 3-Loch-Heftung entschieden.<\/p>\n<p>Entstanden sind aber nicht nur diese vier Hefte sondern insgesamt ca. 20 kleine Serien, alle unterschiedlich mit etwas anderen Motiven, Zitaten und Farben. Die werde ich in n\u00e4chster Zeit nach und nach hier zeigen.<\/p>\n<p>Liebe Gr\u00fc\u00dfe,<\/p>\n<p>-Ema-<\/p>\n","protected":false},"excerpt":{"rendered":"<p>Manches wirkt einfach noch sch\u00f6ner, wenn es Teil einer Serie ist. Darum gibt es heute eine kleine Notizheft-Serie, bestehend aus vier Heften, die ich alle in letzter Zeit angefertigt habe. Ein Heftchen in der Gr\u00f6\u00dfe DIN A5 und die anderen drei sind DIN A6 gro\u00df. Eines der kleinen Heftchen habe ich als Hochformat, zum seitlichen [&hellip;]<\/p>\n","protected":false},"author":2,"featured_media":0,"comment_status":"open","ping_status":"open","sticky":false,"template":"","format":"standard","meta":{"footnotes":""},"categories":[3],"tags":[],"class_list":["post-375","post","type-post","status-publish","format-standard","hentry","category-buchbinden"],"_links":{"self":[{"href":"https:\/\/www.emadam.de\/blog\/wp-json\/wp\/v2\/posts\/375","targetHints":{"allow":["GET"]}}],"collection":[{"href":"https:\/\/www.emadam.de\/blog\/wp-json\/wp\/v2\/posts"}],"about":[{"href":"https:\/\/www.emadam.de\/blog\/wp-json\/wp\/v2\/types\/post"}],"author":[{"embeddable":true,"href":"https:\/\/www.emadam.de\/blog\/wp-json\/wp\/v2\/users\/2"}],"replies":[{"embeddable":true,"href":"https:\/\/www.emadam.de\/blog\/wp-json\/wp\/v2\/comments?post=375"}],"version-history":[{"count":1,"href":"https:\/\/www.emadam.de\/blog\/wp-json\/wp\/v2\/posts\/375\/revisions"}],"predecessor-version":[{"id":376,"href":"https:\/\/www.emadam.de\/blog\/wp-json\/wp\/v2\/posts\/375\/revisions\/376"}],"wp:attachment":[{"href":"https:\/\/www.emadam.de\/blog\/wp-json\/wp\/v2\/media?parent=375"}],"wp:term":[{"taxonomy":"category","embeddable":true,"href":"https:\/\/www.emadam.de\/blog\/wp-json\/wp\/v2\/categories?post=375"},{"taxonomy":"post_tag","embeddable":true,"href":"https:\/\/www.emadam.de\/blog\/wp-json\/wp\/v2\/tags?post=375"}],"curies":[{"name":"wp","href":"https:\/\/api.w.org\/{rel}","templated":true}]}}