{"id":373,"date":"2012-07-16T14:57:12","date_gmt":"2012-07-16T12:57:12","guid":{"rendered":"http:\/\/www.emadam.de\/blog\/?p=373"},"modified":"2013-09-02T14:58:27","modified_gmt":"2013-09-02T12:58:27","slug":"koenigliche-notizen","status":"publish","type":"post","link":"https:\/\/www.emadam.de\/blog\/de\/2012\/07\/16\/koenigliche-notizen\/","title":{"rendered":"K\u00f6nigliche Notizen"},"content":{"rendered":"<p><a href=\"https:\/\/www.emadam.de\/blog\/wp-content\/uploads\/2013\/08\/SNC17888.jpg\"><img loading=\"lazy\" decoding=\"async\" class=\"alignnone size-large wp-image-62\" alt=\"Acetoierte Notizhefte\" src=\"https:\/\/www.emadam.de\/blog\/wp-content\/uploads\/2013\/08\/SNC17888-680x522.jpg\" width=\"680\" height=\"522\" srcset=\"https:\/\/www.emadam.de\/blog\/wp-content\/uploads\/2013\/08\/SNC17888-680x522.jpg 680w, https:\/\/www.emadam.de\/blog\/wp-content\/uploads\/2013\/08\/SNC17888-340x261.jpg 340w, https:\/\/www.emadam.de\/blog\/wp-content\/uploads\/2013\/08\/SNC17888-624x479.jpg 624w, https:\/\/www.emadam.de\/blog\/wp-content\/uploads\/2013\/08\/SNC17888.jpg 1000w\" sizes=\"auto, (max-width: 680px) 100vw, 680px\" \/><\/a><\/p>\n<p>Hier ein Eindruck von einer weiteren <a href=\"http:\/\/de.dawanda.com\/product\/33306341-3er-Set-Notizhefte\">Serie<\/a> kleiner Notizhefte. Wieder ein DIN A5, ein DIN A6 und &#8211; aus Beschnittresten eines anderen Projektes &#8211; ein 10cm x 9,6 cm gro\u00dfes Notizheftchen. Zweimal ein leichtes gr\u00fcn\/t\u00fcrkis und das DIN A6 Heft hat einen grauen Fotokarton als Umschlag bekommen. Auf jedem Notizheftchen gibt es wieder ein Motiv das ich von Hand auf den Fotokarton acetoniert habe. Kleiner Tipp: Wenn ihr so etwas auch probieren m\u00f6chtet, dann acetoniert das Motiv auf euer Heft, bevor ihr es komplett fertig bindet. Manchmal kann beim Acetonieren was daneben gehen. Das Motiv l\u00e4sst sich auf Grund des Toners nicht gut \u00fcbertragen oder man vergisst eine Ecke, streicht das Motiv nicht gen\u00fcgend an usw.. Und dann w\u00e4re die ganze Arbeit, die ihr vorher in das Heft gesteckt habt, umsonst gewesen.<\/p>\n<p>Liebe Gr\u00fc\u00dfe,<\/p>\n<p>-Ema-<\/p>\n","protected":false},"excerpt":{"rendered":"<p>Hier ein Eindruck von einer weiteren Serie kleiner Notizhefte. Wieder ein DIN A5, ein DIN A6 und &#8211; aus Beschnittresten eines anderen Projektes &#8211; ein 10cm x 9,6 cm gro\u00dfes Notizheftchen. Zweimal ein leichtes gr\u00fcn\/t\u00fcrkis und das DIN A6 Heft hat einen grauen Fotokarton als Umschlag bekommen. Auf jedem Notizheftchen gibt es wieder ein Motiv [&hellip;]<\/p>\n","protected":false},"author":2,"featured_media":0,"comment_status":"open","ping_status":"open","sticky":false,"template":"","format":"standard","meta":{"footnotes":""},"categories":[3],"tags":[],"class_list":["post-373","post","type-post","status-publish","format-standard","hentry","category-buchbinden"],"_links":{"self":[{"href":"https:\/\/www.emadam.de\/blog\/wp-json\/wp\/v2\/posts\/373","targetHints":{"allow":["GET"]}}],"collection":[{"href":"https:\/\/www.emadam.de\/blog\/wp-json\/wp\/v2\/posts"}],"about":[{"href":"https:\/\/www.emadam.de\/blog\/wp-json\/wp\/v2\/types\/post"}],"author":[{"embeddable":true,"href":"https:\/\/www.emadam.de\/blog\/wp-json\/wp\/v2\/users\/2"}],"replies":[{"embeddable":true,"href":"https:\/\/www.emadam.de\/blog\/wp-json\/wp\/v2\/comments?post=373"}],"version-history":[{"count":1,"href":"https:\/\/www.emadam.de\/blog\/wp-json\/wp\/v2\/posts\/373\/revisions"}],"predecessor-version":[{"id":374,"href":"https:\/\/www.emadam.de\/blog\/wp-json\/wp\/v2\/posts\/373\/revisions\/374"}],"wp:attachment":[{"href":"https:\/\/www.emadam.de\/blog\/wp-json\/wp\/v2\/media?parent=373"}],"wp:term":[{"taxonomy":"category","embeddable":true,"href":"https:\/\/www.emadam.de\/blog\/wp-json\/wp\/v2\/categories?post=373"},{"taxonomy":"post_tag","embeddable":true,"href":"https:\/\/www.emadam.de\/blog\/wp-json\/wp\/v2\/tags?post=373"}],"curies":[{"name":"wp","href":"https:\/\/api.w.org\/{rel}","templated":true}]}}