{"id":367,"date":"2012-08-02T14:47:50","date_gmt":"2012-08-02T12:47:50","guid":{"rendered":"http:\/\/www.emadam.de\/blog\/?p=367"},"modified":"2013-09-02T14:50:06","modified_gmt":"2013-09-02T12:50:06","slug":"i-love-packaging","status":"publish","type":"post","link":"https:\/\/www.emadam.de\/blog\/de\/2012\/08\/02\/i-love-packaging\/","title":{"rendered":"I love packaging"},"content":{"rendered":"<p><a href=\"https:\/\/www.emadam.de\/blog\/wp-content\/uploads\/2013\/08\/SNC18005.jpg\"><img loading=\"lazy\" decoding=\"async\" class=\"alignnone size-large wp-image-50\" alt=\"verpackung\" src=\"https:\/\/www.emadam.de\/blog\/wp-content\/uploads\/2013\/08\/SNC18005-680x510.jpg\" width=\"680\" height=\"510\" srcset=\"https:\/\/www.emadam.de\/blog\/wp-content\/uploads\/2013\/08\/SNC18005-680x510.jpg 680w, https:\/\/www.emadam.de\/blog\/wp-content\/uploads\/2013\/08\/SNC18005-340x255.jpg 340w, https:\/\/www.emadam.de\/blog\/wp-content\/uploads\/2013\/08\/SNC18005-624x468.jpg 624w, https:\/\/www.emadam.de\/blog\/wp-content\/uploads\/2013\/08\/SNC18005.jpg 1000w\" sizes=\"auto, (max-width: 680px) 100vw, 680px\" \/><\/a><\/p>\n<p>Einer der sch\u00f6nen Aspekte daran einen kleinen Shop zu betreiben ist, das Verpacken. Ich liebe Verpackungen! Es war mit ein Grund, wieso ich mich dazu entschied Industrial Design als Nebenfach zu studieren. Es gibt so viele verschiedene M\u00f6glichkeiten die einfachsten Dinge wie Juwelen aussehen zu lassen, nur mittels einer liebevoll gemachten Verpackung. Und dabei brauch man gar nicht viel um jemandem damit eine Freude zu machen.<\/p>\n<p><a href=\"https:\/\/www.emadam.de\/blog\/wp-content\/uploads\/2013\/08\/SNC18002.jpg\"><img loading=\"lazy\" decoding=\"async\" class=\"alignnone size-medium wp-image-52\" alt=\"SAMSUNG DIGITAL CAMERA\" src=\"https:\/\/www.emadam.de\/blog\/wp-content\/uploads\/2013\/08\/SNC18002-261x340.jpg\" width=\"261\" height=\"340\" srcset=\"https:\/\/www.emadam.de\/blog\/wp-content\/uploads\/2013\/08\/SNC18002-261x340.jpg 261w, https:\/\/www.emadam.de\/blog\/wp-content\/uploads\/2013\/08\/SNC18002-680x882.jpg 680w, https:\/\/www.emadam.de\/blog\/wp-content\/uploads\/2013\/08\/SNC18002.jpg 1000w\" sizes=\"auto, (max-width: 261px) 100vw, 261px\" \/><\/a><a href=\"https:\/\/www.emadam.de\/blog\/wp-content\/uploads\/2013\/08\/SNC18003.jpg\"><img loading=\"lazy\" decoding=\"async\" class=\"alignnone size-medium wp-image-51\" alt=\"SAMSUNG DIGITAL CAMERA\" src=\"https:\/\/www.emadam.de\/blog\/wp-content\/uploads\/2013\/08\/SNC18003-268x340.jpg\" width=\"268\" height=\"340\" srcset=\"https:\/\/www.emadam.de\/blog\/wp-content\/uploads\/2013\/08\/SNC18003-268x340.jpg 268w, https:\/\/www.emadam.de\/blog\/wp-content\/uploads\/2013\/08\/SNC18003-680x861.jpg 680w, https:\/\/www.emadam.de\/blog\/wp-content\/uploads\/2013\/08\/SNC18003-624x790.jpg 624w, https:\/\/www.emadam.de\/blog\/wp-content\/uploads\/2013\/08\/SNC18003.jpg 1000w\" sizes=\"auto, (max-width: 268px) 100vw, 268px\" \/><\/a><\/p>\n<p>Ein tolles Papierchen, ein bisschen Band und vielleicht noch ein Anh\u00e4nger und schon kann man eine Verpackung daraus zaubern. Nicht nur, dass das Geschenk mit einer Verpackung gleich noch toller aussieht. Es weckt die Neugierde in uns und wir wollen wissen was wohl in der Verpackung steckt (selbst wenn wir es eigentlich eh schon wissen). Im asiatischen Raum ist das Ver- und Auspacken von Geschenken sogar eine Art Ritual und wird f\u00fcr sehr wichtig erachtet.<\/p>\n<p>F\u00fcr die Kunden in meinem <a href=\"http:\/\/de.dawanda.com\/shop\/Emadam\">Shop<\/a> verpacke ich auch jedes Produkt einzeln ein. Die Zusamensetzung der Bestandteile der Verpackung variieren dabei. Das einzig stetige bisher ist das leicht transparante Seidenpapier. Mal kommt dann noch eine Banderole hinzu oder eine Schleife mit Anh\u00e4ngerchen oder was ich eben da habe und was zum Produkt passt.<\/p>\n<p>Au\u00dferdem bekommt jeder Kunde noch eine kleine Aufmerksamkeit: ein kleines T\u00fctchen mit freebies. Aufkleberchen, K\u00e4rtchen, Anh\u00e4ngerchen oder was auch immer ich vorhanden habe. Farblich meist \u00e4hnlich zu Farben des Produktes, insofern es m\u00f6glich ist. Es ist nicht viel aber ich denke bei handgefertigten Produkten passt so eine kleine Aufmerksamkeit wirklich gut dazu. Und bis jetzt haben sich alle K\u00e4ufer \u00fcber diese Kleinigkeiten gefreut.<\/p>\n<p>Mittlerweile f\u00fcge ich der Verpackung in irgendeiner Art und Weise auch immer eine handgeschriebene Notiz hinzu, in der ich mich nochmal f\u00fcr den Kauf bedanke und viel Spa\u00df mit dem Produkt w\u00fcnsche. Denn ich halte es nicht unbedingt f\u00fcr selbstverst\u00e4ndlich, dass man als Neuling im &#8222;Shop-Business&#8220; sofort vollstes Vertrauen von seinen Kunden bekommt. Und es macht den Kauf noch ein wenig pers\u00f6nlicher. Ich fertige meine Produkte mit sehr viel Liebe an und m\u00f6chte genau das auch mit der Verpackung tun. Und jemand der Interesse an handgefertigten Produkten hat, sch\u00e4tzt mit Sicherheit auch eine individuell zusammengestellte Verpackung und alle Beilagen die er noch bekommt.<\/p>\n<p>Von mir selbst kann ich sagen, dass es mich immer sehr r\u00fchrt, wenn sich jemand soviel M\u00fche bei Verpackungen gibt. Die sch\u00f6nste Anekdote fr\u00fcheren Datums hat sich ergeben als ich ganz f\u00fcrchterlich krank zu Hause lag: die Grippe. Und obwohl ich noch nicht wieder ganz munter war, wollte ich meinem Job nachkommen und bin dann nach einigen Tagen hingegangen. Mit einer gl\u00fchend roten Schnupfnase stand ich dann da und habe von meiner Buchbindemeisterin ein kleines Geschenk in die Hand gedr\u00fcckt bekommen. Es war ein kleines, weiches Geschenk. Wei\u00dfes Geschenkpapier mit rotem zarten Rankenmuster drauf und ein kleines Anh\u00e4ngerchen mit rotem Rentier (es war Weihnachtszeit) an einem gr\u00fcn-wei\u00df kariertem B\u00e4ndchen. Es war nichts anderes als eine Packung Taschent\u00fccher, mit einem zuckers\u00fc\u00dfen Muster drauf, weil ja meine Nase so f\u00fcrchterlich lief&#8230;<\/p>\n<p>Auch wenn eine Packung Taschent\u00fccher einen geringen Wert hat, habe ich mich damals trotzdem sehr dar\u00fcber gefreut. Und die Taschent\u00fccher waren auch viel zu sch\u00f6n zum benutzen. Deswegen steht noch heute das -wieder zugeklebte- Geschenk mit Anh\u00e4ngerchen und B\u00e4ndchen auf einem Regal in meinem Atelier.<\/p>\n<p>Vielleicht verpackt ihr ja auch mal wieder eine Kleinigkeit f\u00fcr eure Liebsten?<\/p>\n<p>Liebe Gr\u00fc\u00dfe,<\/p>\n<p>-Ema-<\/p>\n","protected":false},"excerpt":{"rendered":"<p>Einer der sch\u00f6nen Aspekte daran einen kleinen Shop zu betreiben ist, das Verpacken. Ich liebe Verpackungen! Es war mit ein Grund, wieso ich mich dazu entschied Industrial Design als Nebenfach zu studieren. Es gibt so viele verschiedene M\u00f6glichkeiten die einfachsten Dinge wie Juwelen aussehen zu lassen, nur mittels einer liebevoll gemachten Verpackung. Und dabei brauch [&hellip;]<\/p>\n","protected":false},"author":2,"featured_media":0,"comment_status":"open","ping_status":"open","sticky":false,"template":"","format":"standard","meta":{"footnotes":""},"categories":[24],"tags":[],"class_list":["post-367","post","type-post","status-publish","format-standard","hentry","category-verpackungsdesign"],"_links":{"self":[{"href":"https:\/\/www.emadam.de\/blog\/wp-json\/wp\/v2\/posts\/367","targetHints":{"allow":["GET"]}}],"collection":[{"href":"https:\/\/www.emadam.de\/blog\/wp-json\/wp\/v2\/posts"}],"about":[{"href":"https:\/\/www.emadam.de\/blog\/wp-json\/wp\/v2\/types\/post"}],"author":[{"embeddable":true,"href":"https:\/\/www.emadam.de\/blog\/wp-json\/wp\/v2\/users\/2"}],"replies":[{"embeddable":true,"href":"https:\/\/www.emadam.de\/blog\/wp-json\/wp\/v2\/comments?post=367"}],"version-history":[{"count":1,"href":"https:\/\/www.emadam.de\/blog\/wp-json\/wp\/v2\/posts\/367\/revisions"}],"predecessor-version":[{"id":368,"href":"https:\/\/www.emadam.de\/blog\/wp-json\/wp\/v2\/posts\/367\/revisions\/368"}],"wp:attachment":[{"href":"https:\/\/www.emadam.de\/blog\/wp-json\/wp\/v2\/media?parent=367"}],"wp:term":[{"taxonomy":"category","embeddable":true,"href":"https:\/\/www.emadam.de\/blog\/wp-json\/wp\/v2\/categories?post=367"},{"taxonomy":"post_tag","embeddable":true,"href":"https:\/\/www.emadam.de\/blog\/wp-json\/wp\/v2\/tags?post=367"}],"curies":[{"name":"wp","href":"https:\/\/api.w.org\/{rel}","templated":true}]}}