{"id":361,"date":"2012-09-12T14:42:27","date_gmt":"2012-09-12T12:42:27","guid":{"rendered":"http:\/\/www.emadam.de\/blog\/?p=361"},"modified":"2013-09-02T14:44:14","modified_gmt":"2013-09-02T12:44:14","slug":"kontraste","status":"publish","type":"post","link":"https:\/\/www.emadam.de\/blog\/de\/2012\/09\/12\/kontraste\/","title":{"rendered":"Kontraste"},"content":{"rendered":"<p><a href=\"https:\/\/www.emadam.de\/blog\/wp-content\/uploads\/2013\/08\/SNC16415.jpg\"><img loading=\"lazy\" decoding=\"async\" class=\"alignnone size-large wp-image-78\" alt=\"Handgefertiges Notizbuch\" src=\"https:\/\/www.emadam.de\/blog\/wp-content\/uploads\/2013\/08\/SNC16415-680x503.jpg\" width=\"680\" height=\"503\" srcset=\"https:\/\/www.emadam.de\/blog\/wp-content\/uploads\/2013\/08\/SNC16415-680x503.jpg 680w, https:\/\/www.emadam.de\/blog\/wp-content\/uploads\/2013\/08\/SNC16415-340x251.jpg 340w, https:\/\/www.emadam.de\/blog\/wp-content\/uploads\/2013\/08\/SNC16415-624x461.jpg 624w, https:\/\/www.emadam.de\/blog\/wp-content\/uploads\/2013\/08\/SNC16415.jpg 800w\" sizes=\"auto, (max-width: 680px) 100vw, 680px\" \/><\/a><\/p>\n<p>Ich habe ja so meine Phasen, wo ich starke Farbkontraste sehr mag und das wirkt sich nat\u00fcrlich auch auf meine B\u00fccher aus. Heute gibt es mal einen Blick auf eines dieser <a href=\"http:\/\/de.dawanda.com\/product\/21899913-SkizzenbuchNotizbuchTagebuch\" target=\"_blank\">Notizb\u00fccher<\/a>. Als Einbandmaterial habe ich ein freundliches t\u00fcrkisfarbenes Gewebe gew\u00e4hlt. Und f\u00fcr den Kontrast dann ein orangefarbenes Vorsatzpapier sowie passendes Kapitalband und Zeichenband. Auf dem R\u00fccken ist auch eine sehr dezente &#8222;Notizen&#8220; Pr\u00e4gung. Als Inhaltspapier habe ich ein reinwei\u00dfes 80g\/m\u00b2 Papier verwendet. Das Notizbuch ist in DIN A5 erh\u00e4ltlich. Ich bin pers\u00f6nlich ein wenig unentschlossen, ob ich auch mal einiges an noch gr\u00f6\u00dferen Notizb\u00fcchern anbieten sollte. Ich kann mir nicht so recht vorstellen, dass beispielsweise DIN A4 Notizb\u00fccher gerne unterwegs mitgenommen werden. Oder doch?<\/p>\n<p>Liebe Gr\u00fc\u00dfe,<\/p>\n<p>-Ema-<\/p>\n","protected":false},"excerpt":{"rendered":"<p>Ich habe ja so meine Phasen, wo ich starke Farbkontraste sehr mag und das wirkt sich nat\u00fcrlich auch auf meine B\u00fccher aus. Heute gibt es mal einen Blick auf eines dieser Notizb\u00fccher. Als Einbandmaterial habe ich ein freundliches t\u00fcrkisfarbenes Gewebe gew\u00e4hlt. Und f\u00fcr den Kontrast dann ein orangefarbenes Vorsatzpapier sowie passendes Kapitalband und Zeichenband. Auf [&hellip;]<\/p>\n","protected":false},"author":2,"featured_media":0,"comment_status":"open","ping_status":"open","sticky":false,"template":"","format":"standard","meta":{"footnotes":""},"categories":[3],"tags":[],"class_list":["post-361","post","type-post","status-publish","format-standard","hentry","category-buchbinden"],"_links":{"self":[{"href":"https:\/\/www.emadam.de\/blog\/wp-json\/wp\/v2\/posts\/361","targetHints":{"allow":["GET"]}}],"collection":[{"href":"https:\/\/www.emadam.de\/blog\/wp-json\/wp\/v2\/posts"}],"about":[{"href":"https:\/\/www.emadam.de\/blog\/wp-json\/wp\/v2\/types\/post"}],"author":[{"embeddable":true,"href":"https:\/\/www.emadam.de\/blog\/wp-json\/wp\/v2\/users\/2"}],"replies":[{"embeddable":true,"href":"https:\/\/www.emadam.de\/blog\/wp-json\/wp\/v2\/comments?post=361"}],"version-history":[{"count":1,"href":"https:\/\/www.emadam.de\/blog\/wp-json\/wp\/v2\/posts\/361\/revisions"}],"predecessor-version":[{"id":362,"href":"https:\/\/www.emadam.de\/blog\/wp-json\/wp\/v2\/posts\/361\/revisions\/362"}],"wp:attachment":[{"href":"https:\/\/www.emadam.de\/blog\/wp-json\/wp\/v2\/media?parent=361"}],"wp:term":[{"taxonomy":"category","embeddable":true,"href":"https:\/\/www.emadam.de\/blog\/wp-json\/wp\/v2\/categories?post=361"},{"taxonomy":"post_tag","embeddable":true,"href":"https:\/\/www.emadam.de\/blog\/wp-json\/wp\/v2\/tags?post=361"}],"curies":[{"name":"wp","href":"https:\/\/api.w.org\/{rel}","templated":true}]}}