{"id":1498,"date":"2015-10-09T17:52:16","date_gmt":"2015-10-09T15:52:16","guid":{"rendered":"http:\/\/www.emadam.de\/blog\/?p=1498"},"modified":"2015-12-07T19:37:39","modified_gmt":"2015-12-07T17:37:39","slug":"kalender-2016-calendar-2016","status":"publish","type":"post","link":"https:\/\/www.emadam.de\/blog\/de\/2015\/10\/09\/kalender-2016-calendar-2016\/","title":{"rendered":"Der Kalender f\u00fcr 2016 ist da!"},"content":{"rendered":"<blockquote class=\"instagram-media\" data-instgrm-captioned data-instgrm-version=\"6\" style=\" background:#FFF; border:0; border-radius:3px; box-shadow:0 0 1px 0 rgba(0,0,0,0.5),0 1px 10px 0 rgba(0,0,0,0.15); margin: 1px; max-width:658px; padding:0; width:99.375%; width:-webkit-calc(100% - 2px); width:calc(100% - 2px);\">\n<div style=\"padding:8px;\">\n<div style=\" background:#F8F8F8; line-height:0; margin-top:40px; padding:50.0% 0; text-align:center; width:100%;\">\n<div style=\" background:url(data:image\/png;base64,iVBORw0KGgoAAAANSUhEUgAAACwAAAAsCAMAAAApWqozAAAAGFBMVEUiIiI9PT0eHh4gIB4hIBkcHBwcHBwcHBydr+JQAAAACHRSTlMABA4YHyQsM5jtaMwAAADfSURBVDjL7ZVBEgMhCAQBAf\/\/42xcNbpAqakcM0ftUmFAAIBE81IqBJdS3lS6zs3bIpB9WED3YYXFPmHRfT8sgyrCP1x8uEUxLMzNWElFOYCV6mHWWwMzdPEKHlhLw7NWJqkHc4uIZphavDzA2JPzUDsBZziNae2S6owH8xPmX8G7zzgKEOPUoYHvGz1TBCxMkd3kwNVbU0gKHkx+iZILf77IofhrY1nYFnB\/lQPb79drWOyJVa\/DAvg9B\/rLB4cC+Nqgdz\/TvBbBnr6GBReqn\/nRmDgaQEej7WhonozjF+Y2I\/fZou\/qAAAAAElFTkSuQmCC); display:block; height:44px; margin:0 auto -44px; position:relative; top:-22px; width:44px;\"><\/div>\n<\/div>\n<p style=\" margin:8px 0 0 0; padding:0 4px;\"> <a href=\"https:\/\/www.instagram.com\/p\/8GACv_q3gD\/\" style=\" color:#000; font-family:Arial,sans-serif; font-size:14px; font-style:normal; font-weight:normal; line-height:17px; text-decoration:none; word-wrap:break-word;\" target=\"_blank\">guess who is working on the new calendar for 2016? as you can see this time the cover is printed with a linocut pattern :) #calendar #2016 #linocut #design #graphicdesign<\/a><\/p>\n<p style=\" color:#c9c8cd; font-family:Arial,sans-serif; font-size:14px; line-height:17px; margin-bottom:0; margin-top:8px; overflow:hidden; padding:8px 0 7px; text-align:center; text-overflow:ellipsis; white-space:nowrap;\">A photo posted by Emadam &#8211; because I love paper (@ema_paperlove) on <time style=\" font-family:Arial,sans-serif; font-size:14px; line-height:17px;\" datetime=\"2015-09-26T12:26:29+00:00\">Sep 26, 2015 at 5:26am PDT<\/time><\/p>\n<\/div>\n<\/blockquote>\n<p><script async defer src=\"\/\/platform.instagram.com\/en_US\/embeds.js\"><\/script><\/p>\n<p>Wer mir auf <a href=\"https:\/\/instagram.com\/ema_paperlove\/\">Instagram<\/a> folgt hat schon mitbekommen das der Kalender f\u00fcr 2016 bereits in die Produktion gegangen ist. <a href=\"https:\/\/www.emadam.de\/blog\/2014\/10\/19\/2015-kann-kommen\/\">Letztes Jahr<\/a> zierte das Cover des Kalenders ein runder Stempelabdruck in Altrosa. F\u00fcr das Jahr 2016 wollte ich diese Methode eigentlich beibehalten. Dann hat es sich ergeben das mir bei der Motivauswahl f\u00fcr den Coverstempel ein Linoldruck in die H\u00e4nde fiel und schon war eine neue Idee geboren. Wieso das Cover nicht mit einem Linoldruck bedrucken?<\/p>\n<p><a href=\"https:\/\/www.emadam.de\/blog\/wp-content\/uploads\/2015\/10\/SNC14190a.jpg\"><img loading=\"lazy\" decoding=\"async\" class=\"aligncenter size-large wp-image-1511\" src=\"https:\/\/www.emadam.de\/blog\/wp-content\/uploads\/2015\/10\/SNC14190a-680x518.jpg\" alt=\"SAMSUNG DIGITAL CAMERA\" width=\"680\" height=\"518\" srcset=\"https:\/\/www.emadam.de\/blog\/wp-content\/uploads\/2015\/10\/SNC14190a-680x518.jpg 680w, https:\/\/www.emadam.de\/blog\/wp-content\/uploads\/2015\/10\/SNC14190a-340x259.jpg 340w, https:\/\/www.emadam.de\/blog\/wp-content\/uploads\/2015\/10\/SNC14190a-624x475.jpg 624w\" sizes=\"auto, (max-width: 680px) 100vw, 680px\" \/><\/a>Grafisch sollte der Linoldruck in die Richtung gehen, die ich mit dem Kalender f\u00fcr <a href=\"https:\/\/www.emadam.de\/blog\/2014\/10\/19\/2015-kann-kommen\/\">2015<\/a> schon eingeschlagen hatte. Der kreisrunde Stempel f\u00fcr 2015 hatte ein Muster aus Kreisen und Dreiecken in sich. Diese Elemente finden sich auch im neuen Linoldruck wieder.<\/p>\n<p><a href=\"https:\/\/www.emadam.de\/blog\/wp-content\/uploads\/2015\/10\/SNC14193a.jpg\"><img loading=\"lazy\" decoding=\"async\" class=\"size-large wp-image-1512\" src=\"https:\/\/www.emadam.de\/blog\/wp-content\/uploads\/2015\/10\/SNC14193a-680x600.jpg\" alt=\"SAMSUNG DIGITAL CAMERA\" width=\"680\" height=\"600\" srcset=\"https:\/\/www.emadam.de\/blog\/wp-content\/uploads\/2015\/10\/SNC14193a-680x600.jpg 680w, https:\/\/www.emadam.de\/blog\/wp-content\/uploads\/2015\/10\/SNC14193a-340x300.jpg 340w, https:\/\/www.emadam.de\/blog\/wp-content\/uploads\/2015\/10\/SNC14193a-624x551.jpg 624w\" sizes=\"auto, (max-width: 680px) 100vw, 680px\" \/><\/a><\/p>\n<p><span style=\"color: #333333;\">Bei der Farbwahl f\u00fcr den Linoldruck hat mich vor allem die M\u00f6glichkeit gereizt, auf den wundersch\u00f6nen braunen Strukturkarton mit einer hellen Farbe zu drucken. Die Entscheidung f\u00fcr wei\u00dfe Linoldruckfarbe fiel daher relativ schnell.<\/span><span style=\"color: #999999;\"><a href=\"https:\/\/www.emadam.de\/blog\/wp-content\/uploads\/2015\/10\/SNC14202a.jpg\"><img loading=\"lazy\" decoding=\"async\" class=\"aligncenter size-large wp-image-1515\" src=\"https:\/\/www.emadam.de\/blog\/wp-content\/uploads\/2015\/10\/SNC14202a-680x510.jpg\" alt=\"SAMSUNG DIGITAL CAMERA\" width=\"680\" height=\"510\" srcset=\"https:\/\/www.emadam.de\/blog\/wp-content\/uploads\/2015\/10\/SNC14202a-680x510.jpg 680w, https:\/\/www.emadam.de\/blog\/wp-content\/uploads\/2015\/10\/SNC14202a-340x255.jpg 340w, https:\/\/www.emadam.de\/blog\/wp-content\/uploads\/2015\/10\/SNC14202a-624x468.jpg 624w\" sizes=\"auto, (max-width: 680px) 100vw, 680px\" \/><\/a><\/span>Im Linolschnitt habe ich mit positiven und negativen Musterelementen gearbeitet um Abwechslung in das Muster hinein zu bringen. Die Elemente orientieren sich au\u00dferdem auch an meinem Projekt<a href=\"https:\/\/www.emadam.de\/blog\/2014\/06\/23\/no-91-of-100-in-a-row\/\"> &#8222;100 in a row&#8220;<\/a>.<\/p>\n<p><a href=\"https:\/\/www.emadam.de\/blog\/wp-content\/uploads\/2015\/10\/SNC14200a.jpg\"><img loading=\"lazy\" decoding=\"async\" class=\"aligncenter size-large wp-image-1514\" src=\"https:\/\/www.emadam.de\/blog\/wp-content\/uploads\/2015\/10\/SNC14200a-680x517.jpg\" alt=\"SAMSUNG DIGITAL CAMERA\" width=\"680\" height=\"517\" srcset=\"https:\/\/www.emadam.de\/blog\/wp-content\/uploads\/2015\/10\/SNC14200a-680x517.jpg 680w, https:\/\/www.emadam.de\/blog\/wp-content\/uploads\/2015\/10\/SNC14200a-340x259.jpg 340w, https:\/\/www.emadam.de\/blog\/wp-content\/uploads\/2015\/10\/SNC14200a-624x475.jpg 624w\" sizes=\"auto, (max-width: 680px) 100vw, 680px\" \/><\/a>Der Innenteil ist auf zart cremefarbenes 80g\/m\u00b2 Papier in Schwarz gedruckt. Der obere Teil jeder Doppelseite ist dem Kalendarium gewidmet. Pro Doppelseite sind zwei Wochen zu sehen. Das Datum, die Kalenderwoche, der Monat und Feiertage sind bereits eingetragen. Au\u00dferdem gibt es f\u00fcr jeden Tag ein kleines Smiley-Gesicht, dass mit einem Mund erg\u00e4nzt werden kann um zu notieren wie die Stimmung des Tages war. <img loading=\"lazy\" decoding=\"async\" class=\"aligncenter size-large wp-image-1513\" src=\"https:\/\/www.emadam.de\/blog\/wp-content\/uploads\/2015\/10\/SNC14196a-680x517.jpg\" alt=\"SAMSUNG DIGITAL CAMERA\" width=\"680\" height=\"517\" srcset=\"https:\/\/www.emadam.de\/blog\/wp-content\/uploads\/2015\/10\/SNC14196a-680x517.jpg 680w, https:\/\/www.emadam.de\/blog\/wp-content\/uploads\/2015\/10\/SNC14196a-340x259.jpg 340w, https:\/\/www.emadam.de\/blog\/wp-content\/uploads\/2015\/10\/SNC14196a-624x474.jpg 624w\" sizes=\"auto, (max-width: 680px) 100vw, 680px\" \/>Der untere Teil jeder Doppelseite beinhaltet verschiedene Felder die ausgef\u00fcllt werden k\u00f6nnen. Hierbei wechseln sich zwei Layouts immer wieder ab. Neben Einkaufslisten und To-Do-Listen gibt es jede Menge anderer Felder die ausgef\u00fcllt werden k\u00f6nnen und die eine Art Tagebuch-Charakter haben.<span style=\"color: #999999;\"><a href=\"https:\/\/www.emadam.de\/blog\/wp-content\/uploads\/2015\/10\/SNC14204a.jpg\"><img loading=\"lazy\" decoding=\"async\" class=\"aligncenter size-large wp-image-1517\" src=\"https:\/\/www.emadam.de\/blog\/wp-content\/uploads\/2015\/10\/SNC14204a-680x510.jpg\" alt=\"SAMSUNG DIGITAL CAMERA\" width=\"680\" height=\"510\" srcset=\"https:\/\/www.emadam.de\/blog\/wp-content\/uploads\/2015\/10\/SNC14204a-680x510.jpg 680w, https:\/\/www.emadam.de\/blog\/wp-content\/uploads\/2015\/10\/SNC14204a-340x255.jpg 340w, https:\/\/www.emadam.de\/blog\/wp-content\/uploads\/2015\/10\/SNC14204a-624x468.jpg 624w\" sizes=\"auto, (max-width: 680px) 100vw, 680px\" \/><\/a><\/span>Es sind beispielsweise Felder f\u00fcr das Wort der Woche, das Lieblingskleidungsst\u00fcck und gelesene B\u00fccher vorhanden.<span style=\"color: #999999;\"><a href=\"https:\/\/www.emadam.de\/blog\/wp-content\/uploads\/2015\/10\/SNC14203a.jpg\"><img loading=\"lazy\" decoding=\"async\" class=\"aligncenter size-large wp-image-1516\" src=\"https:\/\/www.emadam.de\/blog\/wp-content\/uploads\/2015\/10\/SNC14203a-680x510.jpg\" alt=\"SAMSUNG DIGITAL CAMERA\" width=\"680\" height=\"510\" srcset=\"https:\/\/www.emadam.de\/blog\/wp-content\/uploads\/2015\/10\/SNC14203a-680x510.jpg 680w, https:\/\/www.emadam.de\/blog\/wp-content\/uploads\/2015\/10\/SNC14203a-340x255.jpg 340w, https:\/\/www.emadam.de\/blog\/wp-content\/uploads\/2015\/10\/SNC14203a-624x468.jpg 624w\" sizes=\"auto, (max-width: 680px) 100vw, 680px\" \/><\/a><span style=\"color: #333333;\">Aber es gibt auch Felder f\u00fcr Belohnungen, gesehene Filme, den \u00dcberblick \u00fcber die eigene Wasserzufuhr und absolvierte Sporteinheiten.<\/span><\/span><\/p>\n<p><span style=\"color: #999999;\"><a href=\"https:\/\/www.emadam.de\/blog\/wp-content\/uploads\/2015\/10\/SNC14205a.jpg\"><img loading=\"lazy\" decoding=\"async\" class=\"aligncenter size-large wp-image-1510\" src=\"https:\/\/www.emadam.de\/blog\/wp-content\/uploads\/2015\/10\/SNC14205a-680x538.jpg\" alt=\"SAMSUNG DIGITAL CAMERA\" width=\"680\" height=\"538\" srcset=\"https:\/\/www.emadam.de\/blog\/wp-content\/uploads\/2015\/10\/SNC14205a-680x538.jpg 680w, https:\/\/www.emadam.de\/blog\/wp-content\/uploads\/2015\/10\/SNC14205a-340x269.jpg 340w, https:\/\/www.emadam.de\/blog\/wp-content\/uploads\/2015\/10\/SNC14205a-624x493.jpg 624w\" sizes=\"auto, (max-width: 680px) 100vw, 680px\" \/><\/a><span style=\"color: #333333;\">Nicht zu vergessen die Farbpalette des Monats, das Wochenziel, der Erfolg der Woche und der Lieblingssong.<\/span><\/span><\/p>\n<p>Der <a href=\"http:\/\/shop.emadam.de\/alle\/kalender-2016\/\">Kalender<\/a> ist also eindeutig f\u00fcr Menschen die Freude daran haben einige ihrer allt\u00e4glichen, sich schnell \u00e4ndernden Faktoren des Lebens einzutragen und zu erinnern. Es wird ein Spa\u00df sein, sp\u00e4ter durch den Kalender zu bl\u00e4ttern und nachvollziehen zu k\u00f6nnen was man alles erreicht hat und auf was f\u00fcr schr\u00e4ge Songs, Klamotten und Farbkombinationen man abgefahren ist.<\/p>\n<p>Liebe Gr\u00fc\u00dfe,<\/p>\n<p>-Ema-<\/p>\n","protected":false},"excerpt":{"rendered":"<p>guess who is working on the new calendar for 2016? as you can see this time the cover is printed with a linocut pattern :) #calendar #2016 #linocut #design #graphicdesign A photo posted by Emadam &#8211; because I love paper (@ema_paperlove) on Sep 26, 2015 at 5:26am PDT Wer mir auf Instagram folgt hat schon [&hellip;]<\/p>\n","protected":false},"author":2,"featured_media":0,"comment_status":"open","ping_status":"open","sticky":false,"template":"","format":"standard","meta":{"footnotes":""},"categories":[1,3,120,28],"tags":[],"class_list":["post-1498","post","type-post","status-publish","format-standard","hentry","category-allgemein","category-buchbinden","category-grafik-design","category-papierprodukte"],"_links":{"self":[{"href":"https:\/\/www.emadam.de\/blog\/wp-json\/wp\/v2\/posts\/1498","targetHints":{"allow":["GET"]}}],"collection":[{"href":"https:\/\/www.emadam.de\/blog\/wp-json\/wp\/v2\/posts"}],"about":[{"href":"https:\/\/www.emadam.de\/blog\/wp-json\/wp\/v2\/types\/post"}],"author":[{"embeddable":true,"href":"https:\/\/www.emadam.de\/blog\/wp-json\/wp\/v2\/users\/2"}],"replies":[{"embeddable":true,"href":"https:\/\/www.emadam.de\/blog\/wp-json\/wp\/v2\/comments?post=1498"}],"version-history":[{"count":4,"href":"https:\/\/www.emadam.de\/blog\/wp-json\/wp\/v2\/posts\/1498\/revisions"}],"predecessor-version":[{"id":1634,"href":"https:\/\/www.emadam.de\/blog\/wp-json\/wp\/v2\/posts\/1498\/revisions\/1634"}],"wp:attachment":[{"href":"https:\/\/www.emadam.de\/blog\/wp-json\/wp\/v2\/media?parent=1498"}],"wp:term":[{"taxonomy":"category","embeddable":true,"href":"https:\/\/www.emadam.de\/blog\/wp-json\/wp\/v2\/categories?post=1498"},{"taxonomy":"post_tag","embeddable":true,"href":"https:\/\/www.emadam.de\/blog\/wp-json\/wp\/v2\/tags?post=1498"}],"curies":[{"name":"wp","href":"https:\/\/api.w.org\/{rel}","templated":true}]}}