{"id":1225,"date":"2014-09-30T18:26:31","date_gmt":"2014-09-30T16:26:31","guid":{"rendered":"http:\/\/www.emadam.de\/blog\/?p=1225"},"modified":"2014-09-30T18:26:31","modified_gmt":"2014-09-30T16:26:31","slug":"wochenmuster-9","status":"publish","type":"post","link":"https:\/\/www.emadam.de\/blog\/de\/2014\/09\/30\/wochenmuster-9\/","title":{"rendered":"Wochenmuster"},"content":{"rendered":"<p><a href=\"https:\/\/www.emadam.de\/blog\/wp-content\/uploads\/2014\/09\/SNC11610a.jpg\"><img loading=\"lazy\" decoding=\"async\" class=\"aligncenter size-large wp-image-1228\" src=\"https:\/\/www.emadam.de\/blog\/wp-content\/uploads\/2014\/09\/SNC11610a-680x182.jpg\" alt=\"SAMSUNG DIGITAL CAMERA\" width=\"680\" height=\"182\" srcset=\"https:\/\/www.emadam.de\/blog\/wp-content\/uploads\/2014\/09\/SNC11610a-680x182.jpg 680w, https:\/\/www.emadam.de\/blog\/wp-content\/uploads\/2014\/09\/SNC11610a-340x91.jpg 340w, https:\/\/www.emadam.de\/blog\/wp-content\/uploads\/2014\/09\/SNC11610a-624x167.jpg 624w\" sizes=\"auto, (max-width: 680px) 100vw, 680px\" \/><\/a>Bei <a href=\"http:\/\/muellerinart.blogspot.de\/2014\/09\/eingefahrene-muster-muster-mittwoch-100.html\" target=\"_blank\">Frau M\u00fcller<\/a> habe ich endlich wieder einmal beim Muster-Mittwoch mitmachen k\u00f6nnen. F\u00fcr den September hat sie das Thema Obst- und Gem\u00fcsemuster ausgew\u00e4hlt. Nun habe ich leider fast den ganzen September verpasst, was Muster angeht. Und dabei ist das Thema so toll, da werde ich f\u00fcr mich auf jeden Fall noch das ein oder andere Muster &#8222;nachmustern&#8220;.<a href=\"https:\/\/www.emadam.de\/blog\/wp-content\/uploads\/2014\/09\/SNC11613a.jpg\"><img loading=\"lazy\" decoding=\"async\" class=\"aligncenter size-large wp-image-1230\" src=\"https:\/\/www.emadam.de\/blog\/wp-content\/uploads\/2014\/09\/SNC11613a-680x461.jpg\" alt=\"SAMSUNG DIGITAL CAMERA\" width=\"680\" height=\"461\" srcset=\"https:\/\/www.emadam.de\/blog\/wp-content\/uploads\/2014\/09\/SNC11613a-680x461.jpg 680w, https:\/\/www.emadam.de\/blog\/wp-content\/uploads\/2014\/09\/SNC11613a-340x230.jpg 340w, https:\/\/www.emadam.de\/blog\/wp-content\/uploads\/2014\/09\/SNC11613a-624x423.jpg 624w\" sizes=\"auto, (max-width: 680px) 100vw, 680px\" \/><\/a>Aber um das Thema nicht komplett zu verpassen, habe ich an einem Abend ein bisschen mit Feder und Papier Orangenscheiben skizziert. Aus schnellen Skizzen, das Original ist auf <a href=\"http:\/\/instagram.com\/p\/tBOCveq3p4\/?modal=true\" target=\"_blank\">Instagram<\/a> zu sehen, habe ich mir meine Lieblingsorangenscheiben herausgepickt. Eine recht kritzelige Orangenscheibe und eine Art Negativ-Orangenscheibe.<a href=\"https:\/\/www.emadam.de\/blog\/wp-content\/uploads\/2014\/09\/SNC11612a.jpg\"><img loading=\"lazy\" decoding=\"async\" class=\"aligncenter size-large wp-image-1229\" src=\"https:\/\/www.emadam.de\/blog\/wp-content\/uploads\/2014\/09\/SNC11612a-680x510.jpg\" alt=\"SAMSUNG DIGITAL CAMERA\" width=\"680\" height=\"510\" srcset=\"https:\/\/www.emadam.de\/blog\/wp-content\/uploads\/2014\/09\/SNC11612a-680x510.jpg 680w, https:\/\/www.emadam.de\/blog\/wp-content\/uploads\/2014\/09\/SNC11612a-340x255.jpg 340w, https:\/\/www.emadam.de\/blog\/wp-content\/uploads\/2014\/09\/SNC11612a-624x468.jpg 624w\" sizes=\"auto, (max-width: 680px) 100vw, 680px\" \/><\/a>Diese habe ich digitalisiert, in Vektorgrafiken umgewandelt um ein wenig mit den Gr\u00f6\u00dfen zu spielen und kann sie euch nun als Endlosmuster servieren. Neben der Gr\u00f6\u00dfe habe ich auch mit der N\u00e4he der einzelnen Orangenscheiben zueinander gespielt. Dadurch ergeben sich optisch sehr dunkle und helle Muster.<a href=\"https:\/\/www.emadam.de\/blog\/wp-content\/uploads\/2014\/09\/SNC11609a.jpg\"><img loading=\"lazy\" decoding=\"async\" class=\"aligncenter size-large wp-image-1227\" src=\"https:\/\/www.emadam.de\/blog\/wp-content\/uploads\/2014\/09\/SNC11609a-680x577.jpg\" alt=\"SAMSUNG DIGITAL CAMERA\" width=\"680\" height=\"577\" srcset=\"https:\/\/www.emadam.de\/blog\/wp-content\/uploads\/2014\/09\/SNC11609a-680x577.jpg 680w, https:\/\/www.emadam.de\/blog\/wp-content\/uploads\/2014\/09\/SNC11609a-340x288.jpg 340w, https:\/\/www.emadam.de\/blog\/wp-content\/uploads\/2014\/09\/SNC11609a-624x530.jpg 624w\" sizes=\"auto, (max-width: 680px) 100vw, 680px\" \/><\/a>Ich wollte die Muster erst auf orangefarbenes Papier drucken. Bin letztendlich aber doch bei Wei\u00dfem geblieben. In Kombination mit Farbe w\u00e4ren mir die schnellen Skizzen doch zu unruhig geworden. Als Schwarz-Wei\u00df-Variante haben sie genau das richtige Ma\u00df an Bewegung und Ruhe.<a href=\"https:\/\/www.emadam.de\/blog\/wp-content\/uploads\/2014\/09\/SNC11607a.jpg\"><img loading=\"lazy\" decoding=\"async\" class=\"aligncenter size-large wp-image-1226\" src=\"https:\/\/www.emadam.de\/blog\/wp-content\/uploads\/2014\/09\/SNC11607a-680x411.jpg\" alt=\"SAMSUNG DIGITAL CAMERA\" width=\"680\" height=\"411\" srcset=\"https:\/\/www.emadam.de\/blog\/wp-content\/uploads\/2014\/09\/SNC11607a-680x411.jpg 680w, https:\/\/www.emadam.de\/blog\/wp-content\/uploads\/2014\/09\/SNC11607a-340x205.jpg 340w, https:\/\/www.emadam.de\/blog\/wp-content\/uploads\/2014\/09\/SNC11607a-624x377.jpg 624w\" sizes=\"auto, (max-width: 680px) 100vw, 680px\" \/><\/a>Neben der Gr\u00f6\u00dfe habe ich auch mit der N\u00e4he der einzelnen Orangenscheiben zueinander gespielt. Dadurch ergeben sich optisch sehr dunkle und helle Muster. Verarbeitet habe ich alle Muster zu Papiert\u00fcten die sich mit allerlei Kleinigkeiten bef\u00fcllen lassen. Bei Bedarf kann ich noch zwei L\u00f6cher an die Oberkante der T\u00fcten stanzen und B\u00e4ndchen durchf\u00e4deln, die als Trageschlaufe dienen. Wahlweise k\u00f6nnte ich sie auch einfach schmal umschlagen und zukleben. Da ich noch nicht genau wei\u00df wof\u00fcr ich die T\u00fctchen benutzen werde, habe ich die Papiert\u00fcten erst einmal belassen wie sie sind. Ob man sie f\u00fcr Nikolaus benutzen k\u00f6nnte? In der Weihnachtszeit futtert man doch einiges an Orangen und Nektarinen &#8230;<\/p>\n<p>Liebe Gr\u00fc\u00dfe,<\/p>\n<p>-Ema-<\/p>\n","protected":false},"excerpt":{"rendered":"<p>Bei Frau M\u00fcller habe ich endlich wieder einmal beim Muster-Mittwoch mitmachen k\u00f6nnen. F\u00fcr den September hat sie das Thema Obst- und Gem\u00fcsemuster ausgew\u00e4hlt. Nun habe ich leider fast den ganzen September verpasst, was Muster angeht. Und dabei ist das Thema so toll, da werde ich f\u00fcr mich auf jeden Fall noch das ein oder andere [&hellip;]<\/p>\n","protected":false},"author":2,"featured_media":0,"comment_status":"open","ping_status":"open","sticky":false,"template":"","format":"standard","meta":{"footnotes":""},"categories":[8,132,24],"tags":[],"class_list":["post-1225","post","type-post","status-publish","format-standard","hentry","category-diy","category-muster","category-verpackungsdesign"],"_links":{"self":[{"href":"https:\/\/www.emadam.de\/blog\/wp-json\/wp\/v2\/posts\/1225","targetHints":{"allow":["GET"]}}],"collection":[{"href":"https:\/\/www.emadam.de\/blog\/wp-json\/wp\/v2\/posts"}],"about":[{"href":"https:\/\/www.emadam.de\/blog\/wp-json\/wp\/v2\/types\/post"}],"author":[{"embeddable":true,"href":"https:\/\/www.emadam.de\/blog\/wp-json\/wp\/v2\/users\/2"}],"replies":[{"embeddable":true,"href":"https:\/\/www.emadam.de\/blog\/wp-json\/wp\/v2\/comments?post=1225"}],"version-history":[{"count":1,"href":"https:\/\/www.emadam.de\/blog\/wp-json\/wp\/v2\/posts\/1225\/revisions"}],"predecessor-version":[{"id":1231,"href":"https:\/\/www.emadam.de\/blog\/wp-json\/wp\/v2\/posts\/1225\/revisions\/1231"}],"wp:attachment":[{"href":"https:\/\/www.emadam.de\/blog\/wp-json\/wp\/v2\/media?parent=1225"}],"wp:term":[{"taxonomy":"category","embeddable":true,"href":"https:\/\/www.emadam.de\/blog\/wp-json\/wp\/v2\/categories?post=1225"},{"taxonomy":"post_tag","embeddable":true,"href":"https:\/\/www.emadam.de\/blog\/wp-json\/wp\/v2\/tags?post=1225"}],"curies":[{"name":"wp","href":"https:\/\/api.w.org\/{rel}","templated":true}]}}